{"id":158771,"date":"2016-12-31T15:26:04","date_gmt":"2016-12-31T14:26:04","guid":{"rendered":"http:\/\/www.fuldaer-nachrichten.de\/?p=158771"},"modified":"2016-12-31T15:26:04","modified_gmt":"2016-12-31T14:26:04","slug":"nikolaus-verschenkt-eintrittskarten","status":"publish","type":"post","link":"https:\/\/www.fuldaernachrichten.de\/?p=158771","title":{"rendered":"Nikolaus \u201everschenkt\u201c Eintrittskarten"},"content":{"rendered":"<p>Wenn der Nikolaus am 6. Dezember den Kindergarten in Hofbieber besucht, hat er traditionell ein Geschenk der besonderen Art im Gep\u00e4ck. Jedes Kind wird von ihm zu einer Theatervorstellung eingeladen, die dann kurz vor Weihnachten in der Kindertageseinrichtung stattfindet.<\/p>\n<p>Vor einigen Jahren fuhr der ganze Kindergarten mit dem Bus nach Fulda, wo es im Planetarium eine Veranstaltung mit dem Puppenspieler Andreas Wahler gab, erinnert sich die Leiterin Martina Nenzel. \u201eMit \u00fcber 80 Kindern durch die Innenstadt hat alle Beteiligten schon gefordert.\u201c Heute w\u00e4re dies wegen der vielen kleineren Kinder kaum mehr m\u00f6glich. Deshalb verwandelt sich die Kindertageseinrichtung allj\u00e4hrlich an einem Tag in der Vorweihnachtszeit in eine Theaterb\u00fchne, auf der in diesem Jahr die M\u00e4rchenerz\u00e4hlerin Cornelia Lubini aus dem Ortsteil Schackau mit dem St\u00fcck \u201eDas Waldhaus\u201c auftrat.<\/p>\n<p>\u00dcberhaupt ist es die gestiegene Zahl der unter Dreij\u00e4hrigen, die dem Kindergarten seit einiger Zeit wieder Zuw\u00e4chse beschert. Kurzfristig musste im November eine \u201eNestgruppe\u201c f\u00fcr Zwei- bis Vierj\u00e4hrige eingerichtet werden. Da war es gut, dass bei der baulichen Erweiterung im Jahr 2009 gro\u00dfz\u00fcgig geplant wurde und die Kindertageseinrichtung \u00fcber Raumreserven verf\u00fcgt. Ende der achtziger Jahre war die Tr\u00e4gerschaft von der Kirche auf die Gemeinde \u00fcbergegangen und ein urspr\u00fcnglich dreigruppiger Kindergarten errichtet worden. Sp\u00e4ter kamen zwei Au\u00dfengruppen in der alten Schule hinzu.<\/p>\n<p>Einen H\u00f6chststand bei der Belegung verzeichnete die Einrichtung im Jahr 2010\/11 mit insgesamt 115 Kindern in sechs Gruppen. Danach ging die Zahl bis zum letzten Sommer auf 99 zur\u00fcck. Jetzt wird auch durch Kinder von gefl\u00fcchteten Familien aus der Gemeinschaftsunterkunft Georgsh\u00f6he mit einem erneuten Anstieg gerechnet. Zurzeit gibt es neben der \u201eNestgruppe\u201c eine Krippe f\u00fcr unter Dreij\u00e4hrige, eine Integrationsgruppe sowie zwei alters\u00fcbergreifende Gruppen. Diese weisen die Besonderheit auf, dass sie am Nachmittag auch von Schulkindern bis zu zehn Jahren besucht werden.<\/p>\n<p>Die Schulkinder werden nach dem Essen in der Biebertalschule abgeholt, machen im Kindergarten Hausaufgaben und nehmen an den \u00fcblichen Gruppenaktivit\u00e4ten teil. Vor allem f\u00fcr berufst\u00e4tige Eltern bietet dies \u2013 wie auch in der Kindertageseinrichtung in Langenbieber \u2013 den Vorteil, dass die Kinder bis f\u00fcnf Uhr nachmittags und zum Teil w\u00e4hrend der Schulferien betreut sind. Auch wird der \u00dcbergang in die Grundschule erleichtert und das soziale Lernen zwischen den verschiedenen Altersgruppen gef\u00f6rdert. Das Mittagessen f\u00fcr den Kindergarten liefert der Handwerkerhof in Hilders per Online-Bestellung.<\/p>\n<p>Nach Aussage von Martina Nenzel, die den Kindergarten seit 2007 leitet, zeichne die Einrichtung eine enge Zusammenarbeit mit den Eltern aus, die sich als Erziehungspartnerschaft verstehe und nicht auf regelm\u00e4\u00dfige Entwicklungsgespr\u00e4che beschr\u00e4nke. Auch k\u00f6nnten durch die N\u00e4he zum Familienzentrum die dortigen Angebote genutzt und zum Beispiel gemeinsame Infoabende mit den Kindertageseinrichtungen in Langenbieber und Schwarzbach veranstaltet werden. Stilbildend sei eine Partizipationskultur, bei der die Kinder \u00fcber Projekte mitbestimmen. \u201eSo funktioniert auch sp\u00e4ter im Leben Demokratie.\u201c<\/p>\n<p>Dies f\u00fchre dazu, dass in den verschiedenen Gruppen zur gleichen Zeit unterschiedliche Themen behandelt w\u00fcrden. Dabei sei das \u00fcbergeordnete Ziel, die Kinder bestm\u00f6glich auf den Schulbesuch vorzubereiten. Besonderen Wert lege das Team aus zehn Erzieherinnen und einer Jahrespraktikantin auf das ganzheitliche Lernen, betont Martina Nenzel. Hierzu geh\u00f6re auch der Umgang mit anderen Nationen, der in der Einrichtung problemlos verlaufe. Allenfalls mit den Eltern gebe es hin und wieder Verst\u00e4ndigungsschwierigkeiten. \u201eKinder sind von Natur aus neugierig und wollen sich austauschen.\u201c<\/p>\n","protected":false},"excerpt":{"rendered":"<div class=\"tmnf_excerpt\"><p>Wenn der Nikolaus am 6. Dezember den Kindergarten in Hofbieber besucht, hat er traditionell ein Geschenk der besonderen Art im Gep\u00e4ck. Jedes Kind wird von ihm zu einer Theatervorstellung eingeladen, die dann kurz vor Weihnachten in der Kindertageseinrichtung stattfindet. Vor einigen Jahren fuhr der ganze Kindergarten mit dem Bus nach Fulda, wo es im Planetarium &hellip;<\/p>\n<\/div>","protected":false},"author":1,"featured_media":158777,"comment_status":"closed","ping_status":"closed","sticky":false,"template":"","format":"standard","meta":{"footnotes":""},"categories":[1],"tags":[],"class_list":["post-158771","post","type-post","status-publish","format-standard","has-post-thumbnail","hentry","category-startseite"],"_links":{"self":[{"href":"https:\/\/www.fuldaernachrichten.de\/index.php?rest_route=\/wp\/v2\/posts\/158771","targetHints":{"allow":["GET"]}}],"collection":[{"href":"https:\/\/www.fuldaernachrichten.de\/index.php?rest_route=\/wp\/v2\/posts"}],"about":[{"href":"https:\/\/www.fuldaernachrichten.de\/index.php?rest_route=\/wp\/v2\/types\/post"}],"author":[{"embeddable":true,"href":"https:\/\/www.fuldaernachrichten.de\/index.php?rest_route=\/wp\/v2\/users\/1"}],"replies":[{"embeddable":true,"href":"https:\/\/www.fuldaernachrichten.de\/index.php?rest_route=%2Fwp%2Fv2%2Fcomments&post=158771"}],"version-history":[{"count":1,"href":"https:\/\/www.fuldaernachrichten.de\/index.php?rest_route=\/wp\/v2\/posts\/158771\/revisions"}],"predecessor-version":[{"id":158778,"href":"https:\/\/www.fuldaernachrichten.de\/index.php?rest_route=\/wp\/v2\/posts\/158771\/revisions\/158778"}],"wp:featuredmedia":[{"embeddable":true,"href":"https:\/\/www.fuldaernachrichten.de\/index.php?rest_route=\/wp\/v2\/media\/158777"}],"wp:attachment":[{"href":"https:\/\/www.fuldaernachrichten.de\/index.php?rest_route=%2Fwp%2Fv2%2Fmedia&parent=158771"}],"wp:term":[{"taxonomy":"category","embeddable":true,"href":"https:\/\/www.fuldaernachrichten.de\/index.php?rest_route=%2Fwp%2Fv2%2Fcategories&post=158771"},{"taxonomy":"post_tag","embeddable":true,"href":"https:\/\/www.fuldaernachrichten.de\/index.php?rest_route=%2Fwp%2Fv2%2Ftags&post=158771"}],"curies":[{"name":"wp","href":"https:\/\/api.w.org\/{rel}","templated":true}]}}