{"id":158767,"date":"2016-12-31T15:25:36","date_gmt":"2016-12-31T14:25:36","guid":{"rendered":"http:\/\/www.fuldaer-nachrichten.de\/?p=158767"},"modified":"2016-12-31T15:25:36","modified_gmt":"2016-12-31T14:25:36","slug":"azubis-des-landkreises-unterstuetzen-kleine-helden","status":"publish","type":"post","link":"https:\/\/www.fuldaernachrichten.de\/?p=158767","title":{"rendered":"Azubis des Landkreises unterst\u00fctzen \u201eKleine Helden\u201c"},"content":{"rendered":"<p>Ein voller Erfolg war das soziale Projekt, das Anfang Dezember von den Auszubildenden des Landkreises Fulda durchgef\u00fchrt wurde. Am weihnachtlich geschm\u00fcckten Stand im Innenhof des Kreishauses hatten die Auszubildenden leckere K\u00f6stlichkeiten verkauft und damit einen Erl\u00f6s in H\u00f6he von 1.050 Euro erzielt. Mit diesem Betrag unterst\u00fctzen die Auszubildenden den Kinder- und Jugendhospizverein Osthessen \u00e2\u20ac\u00a8e.V. \u201eKleine Helden\u201c und bedanken sich bei allen, die f\u00fcr den guten Zweck gespendet haben. Weil die Resonanz so gut war, planen die Azubis der Kreisverwaltung auch im n\u00e4chsten Jahr wieder weihnachtliche Schlemmereien anzubieten und erneut ein soziales Projekt zu unterst\u00fctzen. Das Bild zeigt die Auszubildenden mit Vera Erb vom Kinderhospizverein bei der Scheck\u00fcbergabe.<\/p>\n","protected":false},"excerpt":{"rendered":"<div class=\"tmnf_excerpt\"><p>Ein voller Erfolg war das soziale Projekt, das Anfang Dezember von den Auszubildenden des Landkreises Fulda durchgef\u00fchrt wurde. Am weihnachtlich geschm\u00fcckten Stand im Innenhof des Kreishauses hatten die Auszubildenden leckere K\u00f6stlichkeiten verkauft und damit einen Erl\u00f6s in H\u00f6he von 1.050 Euro erzielt. Mit diesem Betrag unterst\u00fctzen die Auszubildenden den Kinder- und Jugendhospizverein Osthessen \u00e2\u20ac\u00a8e.V. \u201eKleine &hellip;<\/p>\n<\/div>","protected":false},"author":1,"featured_media":158775,"comment_status":"closed","ping_status":"closed","sticky":false,"template":"","format":"standard","meta":{"footnotes":""},"categories":[1],"tags":[],"class_list":["post-158767","post","type-post","status-publish","format-standard","has-post-thumbnail","hentry","category-startseite"],"_links":{"self":[{"href":"https:\/\/www.fuldaernachrichten.de\/index.php?rest_route=\/wp\/v2\/posts\/158767","targetHints":{"allow":["GET"]}}],"collection":[{"href":"https:\/\/www.fuldaernachrichten.de\/index.php?rest_route=\/wp\/v2\/posts"}],"about":[{"href":"https:\/\/www.fuldaernachrichten.de\/index.php?rest_route=\/wp\/v2\/types\/post"}],"author":[{"embeddable":true,"href":"https:\/\/www.fuldaernachrichten.de\/index.php?rest_route=\/wp\/v2\/users\/1"}],"replies":[{"embeddable":true,"href":"https:\/\/www.fuldaernachrichten.de\/index.php?rest_route=%2Fwp%2Fv2%2Fcomments&post=158767"}],"version-history":[{"count":1,"href":"https:\/\/www.fuldaernachrichten.de\/index.php?rest_route=\/wp\/v2\/posts\/158767\/revisions"}],"predecessor-version":[{"id":158776,"href":"https:\/\/www.fuldaernachrichten.de\/index.php?rest_route=\/wp\/v2\/posts\/158767\/revisions\/158776"}],"wp:featuredmedia":[{"embeddable":true,"href":"https:\/\/www.fuldaernachrichten.de\/index.php?rest_route=\/wp\/v2\/media\/158775"}],"wp:attachment":[{"href":"https:\/\/www.fuldaernachrichten.de\/index.php?rest_route=%2Fwp%2Fv2%2Fmedia&parent=158767"}],"wp:term":[{"taxonomy":"category","embeddable":true,"href":"https:\/\/www.fuldaernachrichten.de\/index.php?rest_route=%2Fwp%2Fv2%2Fcategories&post=158767"},{"taxonomy":"post_tag","embeddable":true,"href":"https:\/\/www.fuldaernachrichten.de\/index.php?rest_route=%2Fwp%2Fv2%2Ftags&post=158767"}],"curies":[{"name":"wp","href":"https:\/\/api.w.org\/{rel}","templated":true}]}}