{"id":158765,"date":"2016-12-31T15:24:41","date_gmt":"2016-12-31T14:24:41","guid":{"rendered":"http:\/\/www.fuldaer-nachrichten.de\/?p=158765"},"modified":"2016-12-31T15:24:41","modified_gmt":"2016-12-31T14:24:41","slug":"obstbauvortrag","status":"publish","type":"post","link":"https:\/\/www.fuldaernachrichten.de\/?p=158765","title":{"rendered":"Obstbauvortrag"},"content":{"rendered":"<p>Am Freitag, den 06.01.2017 findet von 19:00 bis 21:00 Uhr\u00c2\u00a0 im Landschulheim in Fischbach ein Vortrag zum Obstbau\u00c2\u00a0 mit dem Thema \u201eIntegrierter Pflanzenschutz im Obstgarten\u201c\u00c2\u00a0 statt. In Wort und Bild werden die durch Pilze, Bakterien und Insekten verursachen Krankheiten an unseren Obstgeh\u00f6lzen dargestellt und Hinweise zum integrierten Pflanzenschutz gegeben. Im Mittelpunkt stehen\u00c2\u00a0 unter anderem die Vorbeuge- und Bek\u00e4mpfungsma\u00dfnahmen gegen den Schorf, Mehltau, Moniliaf\u00e4ule und Birnengitterrost. Der Schwerpunkt der Pflanzenschutzhinweise liegt auf der biologischen Sch\u00e4dlingsbek\u00e4mpfung. Es werden aber auch Hinweise zum Einsatz der in den G\u00e4rten zugelassenen Pflanzenschutzmittel gegeben. Weiterhin erfolgt ein \u00dcberblick \u00fcber neu Apfelsorten f\u00fcr den Garten Die Teilnahmegeb\u00fchr betr\u00e4gt 5,00 EUR.<\/p>\n","protected":false},"excerpt":{"rendered":"<div class=\"tmnf_excerpt\"><p>Am Freitag, den 06.01.2017 findet von 19:00 bis 21:00 Uhr\u00c2\u00a0 im Landschulheim in Fischbach ein Vortrag zum Obstbau\u00c2\u00a0 mit dem Thema \u201eIntegrierter Pflanzenschutz im Obstgarten\u201c\u00c2\u00a0 statt. In Wort und Bild werden die durch Pilze, Bakterien und Insekten verursachen Krankheiten an unseren Obstgeh\u00f6lzen dargestellt und Hinweise zum integrierten Pflanzenschutz gegeben. Im Mittelpunkt stehen\u00c2\u00a0 unter anderem die &hellip;<\/p>\n<\/div>","protected":false},"author":1,"featured_media":0,"comment_status":"closed","ping_status":"closed","sticky":false,"template":"","format":"standard","meta":{"footnotes":""},"categories":[1],"tags":[],"class_list":["post-158765","post","type-post","status-publish","format-standard","hentry","category-startseite"],"_links":{"self":[{"href":"https:\/\/www.fuldaernachrichten.de\/index.php?rest_route=\/wp\/v2\/posts\/158765","targetHints":{"allow":["GET"]}}],"collection":[{"href":"https:\/\/www.fuldaernachrichten.de\/index.php?rest_route=\/wp\/v2\/posts"}],"about":[{"href":"https:\/\/www.fuldaernachrichten.de\/index.php?rest_route=\/wp\/v2\/types\/post"}],"author":[{"embeddable":true,"href":"https:\/\/www.fuldaernachrichten.de\/index.php?rest_route=\/wp\/v2\/users\/1"}],"replies":[{"embeddable":true,"href":"https:\/\/www.fuldaernachrichten.de\/index.php?rest_route=%2Fwp%2Fv2%2Fcomments&post=158765"}],"version-history":[{"count":1,"href":"https:\/\/www.fuldaernachrichten.de\/index.php?rest_route=\/wp\/v2\/posts\/158765\/revisions"}],"predecessor-version":[{"id":158773,"href":"https:\/\/www.fuldaernachrichten.de\/index.php?rest_route=\/wp\/v2\/posts\/158765\/revisions\/158773"}],"wp:attachment":[{"href":"https:\/\/www.fuldaernachrichten.de\/index.php?rest_route=%2Fwp%2Fv2%2Fmedia&parent=158765"}],"wp:term":[{"taxonomy":"category","embeddable":true,"href":"https:\/\/www.fuldaernachrichten.de\/index.php?rest_route=%2Fwp%2Fv2%2Fcategories&post=158765"},{"taxonomy":"post_tag","embeddable":true,"href":"https:\/\/www.fuldaernachrichten.de\/index.php?rest_route=%2Fwp%2Fv2%2Ftags&post=158765"}],"curies":[{"name":"wp","href":"https:\/\/api.w.org\/{rel}","templated":true}]}}