{"id":158724,"date":"2016-12-27T17:41:23","date_gmt":"2016-12-27T16:41:23","guid":{"rendered":"http:\/\/www.fuldaer-nachrichten.de\/?p=158724"},"modified":"2016-12-27T17:41:23","modified_gmt":"2016-12-27T16:41:23","slug":"fackelwanderung-zum-jahresabschluss","status":"publish","type":"post","link":"https:\/\/www.fuldaernachrichten.de\/?p=158724","title":{"rendered":"Fackelwanderung zum Jahresabschluss"},"content":{"rendered":"<p>Ein Winterspa\u00df f\u00fcr die ganze Familie wird am Donnerstag, 29.12., die Fackelwanderung zum Jahresabschluss des Vereins \u201eWir f\u00fcr Gersfeld\u201c e.V. Treffpunkt ist um 18.00 Uhr vor dem Rathaus am Gersfelder Marktplatz. Geplant ist eine Wanderung nach Mosbach zu einem gem\u00fctlichen H\u00fcttenabend mit Gl\u00fchwein und kleinem Imbiss. Die Fackeln f\u00fcr die Wanderung werden zur Verf\u00fcgung gestellt. Die Teilnahme ist kostenlos. Gersfelder B\u00fcrger und G\u00e4ste sind herzlich willkommen. Weitere Infos in der Tourist-Info, Tel. (0 66 54) 17 80.<\/p>\n","protected":false},"excerpt":{"rendered":"<div class=\"tmnf_excerpt\"><p>Ein Winterspa\u00df f\u00fcr die ganze Familie wird am Donnerstag, 29.12., die Fackelwanderung zum Jahresabschluss des Vereins \u201eWir f\u00fcr Gersfeld\u201c e.V. Treffpunkt ist um 18.00 Uhr vor dem Rathaus am Gersfelder Marktplatz. Geplant ist eine Wanderung nach Mosbach zu einem gem\u00fctlichen H\u00fcttenabend mit Gl\u00fchwein und kleinem Imbiss. Die Fackeln f\u00fcr die Wanderung werden zur Verf\u00fcgung gestellt. &hellip;<\/p>\n<\/div>","protected":false},"author":1,"featured_media":0,"comment_status":"closed","ping_status":"closed","sticky":false,"template":"","format":"standard","meta":{"footnotes":""},"categories":[1],"tags":[],"class_list":["post-158724","post","type-post","status-publish","format-standard","hentry","category-startseite"],"_links":{"self":[{"href":"https:\/\/www.fuldaernachrichten.de\/index.php?rest_route=\/wp\/v2\/posts\/158724","targetHints":{"allow":["GET"]}}],"collection":[{"href":"https:\/\/www.fuldaernachrichten.de\/index.php?rest_route=\/wp\/v2\/posts"}],"about":[{"href":"https:\/\/www.fuldaernachrichten.de\/index.php?rest_route=\/wp\/v2\/types\/post"}],"author":[{"embeddable":true,"href":"https:\/\/www.fuldaernachrichten.de\/index.php?rest_route=\/wp\/v2\/users\/1"}],"replies":[{"embeddable":true,"href":"https:\/\/www.fuldaernachrichten.de\/index.php?rest_route=%2Fwp%2Fv2%2Fcomments&post=158724"}],"version-history":[{"count":1,"href":"https:\/\/www.fuldaernachrichten.de\/index.php?rest_route=\/wp\/v2\/posts\/158724\/revisions"}],"predecessor-version":[{"id":158727,"href":"https:\/\/www.fuldaernachrichten.de\/index.php?rest_route=\/wp\/v2\/posts\/158724\/revisions\/158727"}],"wp:attachment":[{"href":"https:\/\/www.fuldaernachrichten.de\/index.php?rest_route=%2Fwp%2Fv2%2Fmedia&parent=158724"}],"wp:term":[{"taxonomy":"category","embeddable":true,"href":"https:\/\/www.fuldaernachrichten.de\/index.php?rest_route=%2Fwp%2Fv2%2Fcategories&post=158724"},{"taxonomy":"post_tag","embeddable":true,"href":"https:\/\/www.fuldaernachrichten.de\/index.php?rest_route=%2Fwp%2Fv2%2Ftags&post=158724"}],"curies":[{"name":"wp","href":"https:\/\/api.w.org\/{rel}","templated":true}]}}