{"id":158721,"date":"2016-12-27T17:40:18","date_gmt":"2016-12-27T16:40:18","guid":{"rendered":"http:\/\/www.fuldaer-nachrichten.de\/?p=158721"},"modified":"2016-12-27T17:40:18","modified_gmt":"2016-12-27T16:40:18","slug":"8-wochen-ernaehrungsumstellung-zur-gesunden-und-genussvollen-gewichtsreduktion-2","status":"publish","type":"post","link":"https:\/\/www.fuldaernachrichten.de\/?p=158721","title":{"rendered":"8-Wochen Ern\u00e4hrungsumstellung zur gesunden und genussvollen Gewichtsreduktion"},"content":{"rendered":"<p>Ein Kurs der Volkshochschule beginnt am Mittwoch, den 11.01.2017, 19.00-20.00 Uhr in Lauterbach, vhs, Obergasse 44, Raum 13.<br \/>\nDurch eine klassische Ern\u00e4hrungsumstellung die ihre bevorzugten Lebensmittel mit einbezieht, wird die Aufnahme von Energie mit der Energieabgabe in Einklang gebracht. Ziel ist es, die Ern\u00e4hrung und ihr Leben wieder ins Gleichgewicht zu bringen. Auf diesem Weg ist es m\u00f6glich, \u00dcbergewicht, erworbene Erkrankungen und Medikamente zu reduzieren. Entspannungsmomente und gesteigerte Bewegung finden auch hier ihren Raum.<\/p>\n<p>Weitere Informationen und Anmeldungen bei der Volkshochschule, Im Klaggarten 6, 36304 Alsfeld, Tel.: 06631\/792-7820, www.vhs-vogelsberg.de<\/p>\n","protected":false},"excerpt":{"rendered":"<div class=\"tmnf_excerpt\"><p>Ein Kurs der Volkshochschule beginnt am Mittwoch, den 11.01.2017, 19.00-20.00 Uhr in Lauterbach, vhs, Obergasse 44, Raum 13. Durch eine klassische Ern\u00e4hrungsumstellung die ihre bevorzugten Lebensmittel mit einbezieht, wird die Aufnahme von Energie mit der Energieabgabe in Einklang gebracht. Ziel ist es, die Ern\u00e4hrung und ihr Leben wieder ins Gleichgewicht zu bringen. Auf diesem Weg &hellip;<\/p>\n<\/div>","protected":false},"author":1,"featured_media":0,"comment_status":"closed","ping_status":"closed","sticky":false,"template":"","format":"standard","meta":{"footnotes":""},"categories":[1],"tags":[],"class_list":["post-158721","post","type-post","status-publish","format-standard","hentry","category-startseite"],"_links":{"self":[{"href":"https:\/\/www.fuldaernachrichten.de\/index.php?rest_route=\/wp\/v2\/posts\/158721","targetHints":{"allow":["GET"]}}],"collection":[{"href":"https:\/\/www.fuldaernachrichten.de\/index.php?rest_route=\/wp\/v2\/posts"}],"about":[{"href":"https:\/\/www.fuldaernachrichten.de\/index.php?rest_route=\/wp\/v2\/types\/post"}],"author":[{"embeddable":true,"href":"https:\/\/www.fuldaernachrichten.de\/index.php?rest_route=\/wp\/v2\/users\/1"}],"replies":[{"embeddable":true,"href":"https:\/\/www.fuldaernachrichten.de\/index.php?rest_route=%2Fwp%2Fv2%2Fcomments&post=158721"}],"version-history":[{"count":1,"href":"https:\/\/www.fuldaernachrichten.de\/index.php?rest_route=\/wp\/v2\/posts\/158721\/revisions"}],"predecessor-version":[{"id":158723,"href":"https:\/\/www.fuldaernachrichten.de\/index.php?rest_route=\/wp\/v2\/posts\/158721\/revisions\/158723"}],"wp:attachment":[{"href":"https:\/\/www.fuldaernachrichten.de\/index.php?rest_route=%2Fwp%2Fv2%2Fmedia&parent=158721"}],"wp:term":[{"taxonomy":"category","embeddable":true,"href":"https:\/\/www.fuldaernachrichten.de\/index.php?rest_route=%2Fwp%2Fv2%2Fcategories&post=158721"},{"taxonomy":"post_tag","embeddable":true,"href":"https:\/\/www.fuldaernachrichten.de\/index.php?rest_route=%2Fwp%2Fv2%2Ftags&post=158721"}],"curies":[{"name":"wp","href":"https:\/\/api.w.org\/{rel}","templated":true}]}}