{"id":158716,"date":"2016-12-27T17:39:19","date_gmt":"2016-12-27T16:39:19","guid":{"rendered":"http:\/\/www.fuldaer-nachrichten.de\/?p=158716"},"modified":"2016-12-27T17:39:19","modified_gmt":"2016-12-27T16:39:19","slug":"vorsicht-beim-silvester-feuerwerk-zum-jahreswechsel-2","status":"publish","type":"post","link":"https:\/\/www.fuldaernachrichten.de\/?p=158716","title":{"rendered":"Vorsicht beim Silvester-Feuerwerk zum Jahreswechsel"},"content":{"rendered":"<p>Der Jahreswechsel ist mit vielen Traditionen verbunden. Hierzu geh\u00f6rt f\u00fcr viele Menschen auch das Silvesterfeuerwerk. Das Abbrennen von Feuerwerksk\u00f6rpern in der N\u00e4he von Kirchen, Krankenh\u00e4usern und Altenheimen aber auch Fachwerkh\u00e4usern ist ausnahmslos verboten. In der Fuldaer Altstadt gilt ein generelles Feuerwerksverbot.<\/p>\n<p>Durch nicht sachgem\u00e4\u00dfes Abbrennen von Feuerwerksk\u00f6rper w\u00e4hrend des Silvesterfeuerwerks und fehlende Sicherheitsabst\u00e4nde kommt es bedauerlicherweise allj\u00e4hrlich zu gro\u00dfen Sch\u00e4den. Darauf hat der Gesetzgeber reagiert und das Abbrennen von Feuerwerksk\u00f6rpern in unmittelbarer N\u00e4he von Kirchen, Krankenh\u00e4usern, Kinder- und Altenheimen sowie Reet- und Fachwerkh\u00e4usern verboten. Als Sicherheitsabstand wird durch den Gesetzgeber eine Zone von acht Metern um die genannten Geb\u00e4ude definiert.\u00c2\u00a0 \u00e2\u20ac\u00a8\u00e2\u20ac\u00a8F\u00fcr Fulda, das durch seine Altstadt mit engen Gassen und vielen Fachwerkh\u00e4usern gepr\u00e4gt ist, bedeutet dies ein absolutes Feuerwerksverbot im gesamten Altstadtbereich. Dort kann aufgrund der engen Stra\u00dfen und Gassen der vorgeschriebene Sicherheitsabstand von acht Meter zu den Fachwerkh\u00e4usern nicht eingehalten werden. Auch an allen Stellen au\u00dferhalb der Altstadt, an denen der Sicherheitsabstand nicht eingehalten werden kann, d\u00fcrfen keine pyrotechnischen Gegenst\u00e4nde abgebrannt werden.<\/p>\n<p>Wie in den Vorjahren wird der Domplatz wieder abgesperrt sein, ein Abbrennen von Silvesterfeuerwerken ist dort ebenfalls nicht gestattet.<\/p>\n<p>Notwendig sind diese strikten Regelungen, da Feuerwerksk\u00f6rper aufgrund ihrer Brenndauer und der Tatsache, dass sie Temperaturen von bis zu 2. 000 Grad erreichen k\u00f6nnen, sehr leicht Br\u00e4nde ausl\u00f6sen k\u00f6nnen wenn sie zum Beispiel durch lose Ziegeln oder Dachluken in Geb\u00e4ude geraten. \u00e2\u20ac\u00a8\u00e2\u20ac\u00a8Das Rechts- und Ordnungsamt der Stadt Fulda weist dar\u00fcber hinaus darauf hin, dass alle Ver\u00f6ffentlichungen der zust\u00e4ndigen Fachbeh\u00f6rden, der Regierungspr\u00e4sidien wie auch die allgemeinen Sicherheitsvorschriften, Unfallverh\u00fctungsvorschriften und Hinweise der Hersteller auf den Verpackungen zu beachten sind. Verst\u00f6\u00dfe<br \/>\ngegen die Sprengstoffverordnung k\u00f6nnen als Ordnungswidrigkeit geahndet werden.<\/p>\n","protected":false},"excerpt":{"rendered":"<div class=\"tmnf_excerpt\"><p>Der Jahreswechsel ist mit vielen Traditionen verbunden. Hierzu geh\u00f6rt f\u00fcr viele Menschen auch das Silvesterfeuerwerk. Das Abbrennen von Feuerwerksk\u00f6rpern in der N\u00e4he von Kirchen, Krankenh\u00e4usern und Altenheimen aber auch Fachwerkh\u00e4usern ist ausnahmslos verboten. In der Fuldaer Altstadt gilt ein generelles Feuerwerksverbot. Durch nicht sachgem\u00e4\u00dfes Abbrennen von Feuerwerksk\u00f6rper w\u00e4hrend des Silvesterfeuerwerks und fehlende Sicherheitsabst\u00e4nde kommt es &hellip;<\/p>\n<\/div>","protected":false},"author":1,"featured_media":0,"comment_status":"closed","ping_status":"closed","sticky":false,"template":"","format":"standard","meta":{"footnotes":""},"categories":[1],"tags":[],"class_list":["post-158716","post","type-post","status-publish","format-standard","hentry","category-startseite"],"_links":{"self":[{"href":"https:\/\/www.fuldaernachrichten.de\/index.php?rest_route=\/wp\/v2\/posts\/158716","targetHints":{"allow":["GET"]}}],"collection":[{"href":"https:\/\/www.fuldaernachrichten.de\/index.php?rest_route=\/wp\/v2\/posts"}],"about":[{"href":"https:\/\/www.fuldaernachrichten.de\/index.php?rest_route=\/wp\/v2\/types\/post"}],"author":[{"embeddable":true,"href":"https:\/\/www.fuldaernachrichten.de\/index.php?rest_route=\/wp\/v2\/users\/1"}],"replies":[{"embeddable":true,"href":"https:\/\/www.fuldaernachrichten.de\/index.php?rest_route=%2Fwp%2Fv2%2Fcomments&post=158716"}],"version-history":[{"count":1,"href":"https:\/\/www.fuldaernachrichten.de\/index.php?rest_route=\/wp\/v2\/posts\/158716\/revisions"}],"predecessor-version":[{"id":158717,"href":"https:\/\/www.fuldaernachrichten.de\/index.php?rest_route=\/wp\/v2\/posts\/158716\/revisions\/158717"}],"wp:attachment":[{"href":"https:\/\/www.fuldaernachrichten.de\/index.php?rest_route=%2Fwp%2Fv2%2Fmedia&parent=158716"}],"wp:term":[{"taxonomy":"category","embeddable":true,"href":"https:\/\/www.fuldaernachrichten.de\/index.php?rest_route=%2Fwp%2Fv2%2Fcategories&post=158716"},{"taxonomy":"post_tag","embeddable":true,"href":"https:\/\/www.fuldaernachrichten.de\/index.php?rest_route=%2Fwp%2Fv2%2Ftags&post=158716"}],"curies":[{"name":"wp","href":"https:\/\/api.w.org\/{rel}","templated":true}]}}