{"id":158689,"date":"2016-12-25T12:41:14","date_gmt":"2016-12-25T11:41:14","guid":{"rendered":"http:\/\/www.fuldaer-nachrichten.de\/?p=158689"},"modified":"2016-12-25T12:41:14","modified_gmt":"2016-12-25T11:41:14","slug":"weihnachtsspende-ueber-1-750-e-an-die-deutsche-palliativstiftung","status":"publish","type":"post","link":"https:\/\/www.fuldaernachrichten.de\/?p=158689","title":{"rendered":"Weihnachtsspende \u00fcber 1.750 \u00e2\u201a\u00ac an die Deutsche PalliativStiftung"},"content":{"rendered":"<p>Anstatt ihren Kunden Weihnachtsgeschenke zu machen, spendet das Allianz-B\u00fcro Weinig aus Gersfeld jedes Jahr an eine gemeinn\u00fctzige Organisation. Kunden des Versicherungsb\u00fcros haben sich angeschlossen, sodass eine beachtliche Summe in H\u00f6he von insgesamt 1.750 \u00e2\u201a\u00ac zusammen kam. In diesem Jahr unterst\u00fctzt das Allianz-B\u00fcro Weinig mit seiner Weihnachtsspende die Arbeit der Deutschen PalliativStiftung. Den Scheck \u00fcberreichte Michael Weinig am Donnerstag, dem 15. Dezember an die stellvertretende Vorstandsvorsitzende der Deutschen PalliativStiftung, Elke Hohmann und die Gesch\u00e4ftsstellenleiterin Mara K\u00fcbel.<\/p>\n<p>Bildunterschrift: Michael Weinig \u00fcberreicht den Spendenscheck an die stellvertretende Vorstandsvorsitzende Elke Hohmann (rechts) und die Gesch\u00e4ftsstellenleiterin Mara K\u00fcbel (links).<\/p>\n","protected":false},"excerpt":{"rendered":"<div class=\"tmnf_excerpt\"><p>Anstatt ihren Kunden Weihnachtsgeschenke zu machen, spendet das Allianz-B\u00fcro Weinig aus Gersfeld jedes Jahr an eine gemeinn\u00fctzige Organisation. Kunden des Versicherungsb\u00fcros haben sich angeschlossen, sodass eine beachtliche Summe in H\u00f6he von insgesamt 1.750 \u00e2\u201a\u00ac zusammen kam. In diesem Jahr unterst\u00fctzt das Allianz-B\u00fcro Weinig mit seiner Weihnachtsspende die Arbeit der Deutschen PalliativStiftung. Den Scheck \u00fcberreichte Michael &hellip;<\/p>\n<\/div>","protected":false},"author":1,"featured_media":158691,"comment_status":"closed","ping_status":"closed","sticky":false,"template":"","format":"standard","meta":{"footnotes":""},"categories":[1],"tags":[],"class_list":["post-158689","post","type-post","status-publish","format-standard","has-post-thumbnail","hentry","category-startseite"],"_links":{"self":[{"href":"https:\/\/www.fuldaernachrichten.de\/index.php?rest_route=\/wp\/v2\/posts\/158689","targetHints":{"allow":["GET"]}}],"collection":[{"href":"https:\/\/www.fuldaernachrichten.de\/index.php?rest_route=\/wp\/v2\/posts"}],"about":[{"href":"https:\/\/www.fuldaernachrichten.de\/index.php?rest_route=\/wp\/v2\/types\/post"}],"author":[{"embeddable":true,"href":"https:\/\/www.fuldaernachrichten.de\/index.php?rest_route=\/wp\/v2\/users\/1"}],"replies":[{"embeddable":true,"href":"https:\/\/www.fuldaernachrichten.de\/index.php?rest_route=%2Fwp%2Fv2%2Fcomments&post=158689"}],"version-history":[{"count":1,"href":"https:\/\/www.fuldaernachrichten.de\/index.php?rest_route=\/wp\/v2\/posts\/158689\/revisions"}],"predecessor-version":[{"id":158692,"href":"https:\/\/www.fuldaernachrichten.de\/index.php?rest_route=\/wp\/v2\/posts\/158689\/revisions\/158692"}],"wp:featuredmedia":[{"embeddable":true,"href":"https:\/\/www.fuldaernachrichten.de\/index.php?rest_route=\/wp\/v2\/media\/158691"}],"wp:attachment":[{"href":"https:\/\/www.fuldaernachrichten.de\/index.php?rest_route=%2Fwp%2Fv2%2Fmedia&parent=158689"}],"wp:term":[{"taxonomy":"category","embeddable":true,"href":"https:\/\/www.fuldaernachrichten.de\/index.php?rest_route=%2Fwp%2Fv2%2Fcategories&post=158689"},{"taxonomy":"post_tag","embeddable":true,"href":"https:\/\/www.fuldaernachrichten.de\/index.php?rest_route=%2Fwp%2Fv2%2Ftags&post=158689"}],"curies":[{"name":"wp","href":"https:\/\/api.w.org\/{rel}","templated":true}]}}