{"id":158673,"date":"2016-12-25T12:38:45","date_gmt":"2016-12-25T11:38:45","guid":{"rendered":"http:\/\/www.fuldaer-nachrichten.de\/?p=158673"},"modified":"2016-12-25T12:38:45","modified_gmt":"2016-12-25T11:38:45","slug":"gerald-bagus-spendet-fuer-leben-und-arbeiten-in-poppenhausen-e-v","status":"publish","type":"post","link":"https:\/\/www.fuldaernachrichten.de\/?p=158673","title":{"rendered":"Gerald Bagus spendet f\u00fcr \u201eLeben und Arbeiten in Poppenhausen e.V.\u201c"},"content":{"rendered":"<p>\u00dcber ein tolles Weihnachtsgeschenk konnte sich das Sozialprojekt Antonius in Poppenhausen freuen, denn sie haben einen gro\u00dfen G\u00f6nner: Denn Gerold Bagus aus Flieden-Stork hatte sich anl\u00e4sslich seines 60. Geburtstages Spenden statt Geschenke gew\u00fcnscht. Insgesamt 1.060,- Euro kamen seinerzeit zusammen mit denen er die Arbeit des gemeinn\u00fctzigen Vereins \u201eLeben und Arbeiten in Poppenhausen e.V. unterst\u00fctzt.<\/p>\n<p>Antonius Fulda und der Verein haben zusammen mit der Gemeinde Poppenhausen vor einigen Jahren die \u201eAlte Schule&#8221; in Poppenhausen zu einem Appartementhaus mit Wohneinheiten umgebaut, um Menschen mit einem<br \/>\nHandicap eine Heimat f\u00fcr Leben und Arbeiten in Poppenhausen zu geben.<\/p>\n<p>Seine besondere Beziehung zu Poppenhausen, insbesondere zu dieser vorbildlich guten Sache, m\u00f6chte er mit dieser vorweihnachtlichen Spende zum Ausdruck bringen. Er wolle ein Zeichen der Dankbarkeit setzen, dass es ihm gut gehe und denen etwas zukommen lassen, die eine Unterst\u00fctzung gut brauchen k\u00f6nnen.<\/p>\n<p>All seinen Verwandten, Freunden, Bekannten und Vereins- und Arbeitskollegen die in diesem Zusammenhang gespendet haben, dankt er ausdr\u00fccklich.<\/p>\n<p>\u00dcber die Spende freuten sich (von links):<br \/>\nJutta Rau, Frank Unger, Julia Kempf, Eheleute Petra und Gerold Bagus, Steffen Teutloff, Pia Br\u00f6se, Manfred Helfrich und Steffi M\u00fcller-Gerst<\/p>\n","protected":false},"excerpt":{"rendered":"<div class=\"tmnf_excerpt\"><p>\u00dcber ein tolles Weihnachtsgeschenk konnte sich das Sozialprojekt Antonius in Poppenhausen freuen, denn sie haben einen gro\u00dfen G\u00f6nner: Denn Gerold Bagus aus Flieden-Stork hatte sich anl\u00e4sslich seines 60. Geburtstages Spenden statt Geschenke gew\u00fcnscht. Insgesamt 1.060,- Euro kamen seinerzeit zusammen mit denen er die Arbeit des gemeinn\u00fctzigen Vereins \u201eLeben und Arbeiten in Poppenhausen e.V. unterst\u00fctzt. Antonius &hellip;<\/p>\n<\/div>","protected":false},"author":1,"featured_media":158681,"comment_status":"closed","ping_status":"closed","sticky":false,"template":"","format":"standard","meta":{"footnotes":""},"categories":[1],"tags":[],"class_list":["post-158673","post","type-post","status-publish","format-standard","has-post-thumbnail","hentry","category-startseite"],"_links":{"self":[{"href":"https:\/\/www.fuldaernachrichten.de\/index.php?rest_route=\/wp\/v2\/posts\/158673","targetHints":{"allow":["GET"]}}],"collection":[{"href":"https:\/\/www.fuldaernachrichten.de\/index.php?rest_route=\/wp\/v2\/posts"}],"about":[{"href":"https:\/\/www.fuldaernachrichten.de\/index.php?rest_route=\/wp\/v2\/types\/post"}],"author":[{"embeddable":true,"href":"https:\/\/www.fuldaernachrichten.de\/index.php?rest_route=\/wp\/v2\/users\/1"}],"replies":[{"embeddable":true,"href":"https:\/\/www.fuldaernachrichten.de\/index.php?rest_route=%2Fwp%2Fv2%2Fcomments&post=158673"}],"version-history":[{"count":1,"href":"https:\/\/www.fuldaernachrichten.de\/index.php?rest_route=\/wp\/v2\/posts\/158673\/revisions"}],"predecessor-version":[{"id":158682,"href":"https:\/\/www.fuldaernachrichten.de\/index.php?rest_route=\/wp\/v2\/posts\/158673\/revisions\/158682"}],"wp:featuredmedia":[{"embeddable":true,"href":"https:\/\/www.fuldaernachrichten.de\/index.php?rest_route=\/wp\/v2\/media\/158681"}],"wp:attachment":[{"href":"https:\/\/www.fuldaernachrichten.de\/index.php?rest_route=%2Fwp%2Fv2%2Fmedia&parent=158673"}],"wp:term":[{"taxonomy":"category","embeddable":true,"href":"https:\/\/www.fuldaernachrichten.de\/index.php?rest_route=%2Fwp%2Fv2%2Fcategories&post=158673"},{"taxonomy":"post_tag","embeddable":true,"href":"https:\/\/www.fuldaernachrichten.de\/index.php?rest_route=%2Fwp%2Fv2%2Ftags&post=158673"}],"curies":[{"name":"wp","href":"https:\/\/api.w.org\/{rel}","templated":true}]}}