{"id":158647,"date":"2016-12-25T12:33:18","date_gmt":"2016-12-25T11:33:18","guid":{"rendered":"http:\/\/www.fuldaer-nachrichten.de\/?p=158647"},"modified":"2016-12-25T12:33:18","modified_gmt":"2016-12-25T11:33:18","slug":"jetzt-noch-anmelden-sechster-hessenweiter-tag-fuer-die-literatur-am-7-mai","status":"publish","type":"post","link":"https:\/\/www.fuldaernachrichten.de\/?p=158647","title":{"rendered":"Jetzt noch anmelden!  Sechster hessenweiter \u201eTag f\u00fcr die Literatur\u201c am 7. Mai"},"content":{"rendered":"<p>Rund 20.000 Besucher hatten beim letzten \u201eTag f\u00fcr die Literatur\u201c ihre Begeisterung f\u00fcr hessische Kultur eindrucksvoll demonstriert. Wer am kommenden Literatur-Event als Mitveranstalter dabei sein will, sollte sich jetzt anmelden. Der sechste hessenweite \u201eTag f\u00fcr die Literatur\u201c findet am Sonntag, 7. Mai 2017, statt. Wenn der Haushalt des Landes Hessen wie geplant verabschiedet wird, k\u00f6nnen sich die Teilnehmer um F\u00f6rdermittel bem\u00fchen.<\/p>\n<p>Bei den Veranstaltungen und Aktionen zum \u201eTag f\u00fcr die Literatur\u201c steht die Literatur \u00fcber Hessen und aus Hessen im Mittelpunkt. So finden Veranstaltungen beispielsweise an Orten statt, an denen Literaten gelebt oder gearbeitet haben oder die einen anderen Bezug zur hessischen Literaturgeschichte haben. Werke zeitgen\u00f6ssischer Autoren sollten hessische Themen behandeln. Ein Schwerpunkt liegt 2017 auf der Verbindung von Literatur und Musik. Mitmachen k\u00f6nnen unter anderem Dichterh\u00e4user, Archive, Bibliotheken, Gedenkst\u00e4tten, Literaturh\u00e4user, literarische Vereine und Gesellschaften, aber auch St\u00e4dte, Gemeinden und Schulen \u2013 die Letztgenannten wegen der Schul\u00f6ffnungszeiten auch in der Vorwoche am 5. und 6. Mai.<\/p>\n<p>Der hessenweite \u201eTag f\u00fcr die Literatur\u201c wird im Rahmen des hr2-kultur-Projekts \u201eLiteraturland Hessen\u201c, einem Gemeinschaftsprojekt mit dem Hessischen Ministerium f\u00fcr Wissenschaft und Kunst und dem Hessischen Literaturrat, ausgerichtet. Offizieller Anmeldeschluss ist der 31. Dezember, Nachz\u00fcgler k\u00f6nnen sich noch bis Mitte Januar anmelden. Weitere Informationen unter: www.literaturland.hr2.de. Hier stehen auch das Anmeldeformular und weitere Informationen f\u00fcr Veranstalter zum Download bereit.<\/p>\n<p>Siehe auch www.hr2-kultur.de und www.facebook.com\/hr2kultur<\/p>\n","protected":false},"excerpt":{"rendered":"<div class=\"tmnf_excerpt\"><p>Rund 20.000 Besucher hatten beim letzten \u201eTag f\u00fcr die Literatur\u201c ihre Begeisterung f\u00fcr hessische Kultur eindrucksvoll demonstriert. Wer am kommenden Literatur-Event als Mitveranstalter dabei sein will, sollte sich jetzt anmelden. Der sechste hessenweite \u201eTag f\u00fcr die Literatur\u201c findet am Sonntag, 7. Mai 2017, statt. Wenn der Haushalt des Landes Hessen wie geplant verabschiedet wird, k\u00f6nnen &hellip;<\/p>\n<\/div>","protected":false},"author":1,"featured_media":0,"comment_status":"closed","ping_status":"closed","sticky":false,"template":"","format":"standard","meta":{"footnotes":""},"categories":[1],"tags":[],"class_list":["post-158647","post","type-post","status-publish","format-standard","hentry","category-startseite"],"_links":{"self":[{"href":"https:\/\/www.fuldaernachrichten.de\/index.php?rest_route=\/wp\/v2\/posts\/158647","targetHints":{"allow":["GET"]}}],"collection":[{"href":"https:\/\/www.fuldaernachrichten.de\/index.php?rest_route=\/wp\/v2\/posts"}],"about":[{"href":"https:\/\/www.fuldaernachrichten.de\/index.php?rest_route=\/wp\/v2\/types\/post"}],"author":[{"embeddable":true,"href":"https:\/\/www.fuldaernachrichten.de\/index.php?rest_route=\/wp\/v2\/users\/1"}],"replies":[{"embeddable":true,"href":"https:\/\/www.fuldaernachrichten.de\/index.php?rest_route=%2Fwp%2Fv2%2Fcomments&post=158647"}],"version-history":[{"count":1,"href":"https:\/\/www.fuldaernachrichten.de\/index.php?rest_route=\/wp\/v2\/posts\/158647\/revisions"}],"predecessor-version":[{"id":158651,"href":"https:\/\/www.fuldaernachrichten.de\/index.php?rest_route=\/wp\/v2\/posts\/158647\/revisions\/158651"}],"wp:attachment":[{"href":"https:\/\/www.fuldaernachrichten.de\/index.php?rest_route=%2Fwp%2Fv2%2Fmedia&parent=158647"}],"wp:term":[{"taxonomy":"category","embeddable":true,"href":"https:\/\/www.fuldaernachrichten.de\/index.php?rest_route=%2Fwp%2Fv2%2Fcategories&post=158647"},{"taxonomy":"post_tag","embeddable":true,"href":"https:\/\/www.fuldaernachrichten.de\/index.php?rest_route=%2Fwp%2Fv2%2Ftags&post=158647"}],"curies":[{"name":"wp","href":"https:\/\/api.w.org\/{rel}","templated":true}]}}