{"id":158643,"date":"2016-12-25T12:33:56","date_gmt":"2016-12-25T11:33:56","guid":{"rendered":"http:\/\/www.fuldaer-nachrichten.de\/?p=158643"},"modified":"2016-12-25T12:33:56","modified_gmt":"2016-12-25T11:33:56","slug":"musikschule-ebert-spendet-an-hospiz","status":"publish","type":"post","link":"https:\/\/www.fuldaernachrichten.de\/?p=158643","title":{"rendered":"Musikschule Ebert spendet an Hospiz"},"content":{"rendered":"<p>Einen Spendenscheck in H\u00f6he von 1.300 Euro \u00fcberreichten die Aktiven (v.l.n.r.) Svetlana Franco, Lydia Kirschmann, Hans-Joachim Rill, Christine Ebert, und J\u00fcrgen Schmidt an Dagmar Pfeffermann (4.v.l.) und Ansgar Erb (3.v.r.) Seit dem Jahre 2009 veranstaltet Christine Ebert, Musikschule Ebert Fulda und Hainzell, j\u00e4hrlich ein Benefizkonzert zu Gunsten des station\u00e4ren Hospizes St. Elisabeth zu Fulda. Das diesj\u00e4hrige Konzert \u201eMusikalischer Winterzauber \u2013 eine Adventsgala\u201c fand am 1. Adventssonntag in der Aula der Alten Universit\u00e4t Fulda statt (die Fuldaer Zeitung berichtete). Aus diesem und dem Verkauf der gleichnamigen CD setzt sich der ansehnliche Spendenbetrag zusammen. Gesch\u00e4ftsf\u00fchrer Ansgar Erb dankte Christine Ebert und den \u00fcbrigen K\u00fcnstlern f\u00fcr ihren Einsatz. Sie seien eine gro\u00dfe verl\u00e4ssliche Hilfe f\u00fcr die Hospizarbeit, denn f\u00fcnf Prozent der Kosten m\u00fcssten die Gesellschafter durch Spenden selbst erwirtschaften. Christine Ebert, deren neuen Musikschulr\u00e4umlichkeiten sich in der Buttlarstra\u00dfe 20 in Fulda befinden, wies darauf hin, dass man die CD \u201eMusikalischer Winterzauber \u2013 eine Adventsgala\u201c zum Preis von 10 Euro in der Musikschule oder im Hospiz kaufen k\u00f6nne.\u00c2\u00a0\u00c2\u00a0 \u00c2\u00a0Der Betrag werde komplett dem Hospiz zur Verf\u00fcgung gestellt.<\/p>\n","protected":false},"excerpt":{"rendered":"<div class=\"tmnf_excerpt\"><p>Einen Spendenscheck in H\u00f6he von 1.300 Euro \u00fcberreichten die Aktiven (v.l.n.r.) Svetlana Franco, Lydia Kirschmann, Hans-Joachim Rill, Christine Ebert, und J\u00fcrgen Schmidt an Dagmar Pfeffermann (4.v.l.) und Ansgar Erb (3.v.r.) Seit dem Jahre 2009 veranstaltet Christine Ebert, Musikschule Ebert Fulda und Hainzell, j\u00e4hrlich ein Benefizkonzert zu Gunsten des station\u00e4ren Hospizes St. Elisabeth zu Fulda. Das &hellip;<\/p>\n<\/div>","protected":false},"author":1,"featured_media":158649,"comment_status":"closed","ping_status":"closed","sticky":false,"template":"","format":"standard","meta":{"footnotes":""},"categories":[1],"tags":[],"class_list":["post-158643","post","type-post","status-publish","format-standard","has-post-thumbnail","hentry","category-startseite"],"_links":{"self":[{"href":"https:\/\/www.fuldaernachrichten.de\/index.php?rest_route=\/wp\/v2\/posts\/158643","targetHints":{"allow":["GET"]}}],"collection":[{"href":"https:\/\/www.fuldaernachrichten.de\/index.php?rest_route=\/wp\/v2\/posts"}],"about":[{"href":"https:\/\/www.fuldaernachrichten.de\/index.php?rest_route=\/wp\/v2\/types\/post"}],"author":[{"embeddable":true,"href":"https:\/\/www.fuldaernachrichten.de\/index.php?rest_route=\/wp\/v2\/users\/1"}],"replies":[{"embeddable":true,"href":"https:\/\/www.fuldaernachrichten.de\/index.php?rest_route=%2Fwp%2Fv2%2Fcomments&post=158643"}],"version-history":[{"count":1,"href":"https:\/\/www.fuldaernachrichten.de\/index.php?rest_route=\/wp\/v2\/posts\/158643\/revisions"}],"predecessor-version":[{"id":158661,"href":"https:\/\/www.fuldaernachrichten.de\/index.php?rest_route=\/wp\/v2\/posts\/158643\/revisions\/158661"}],"wp:featuredmedia":[{"embeddable":true,"href":"https:\/\/www.fuldaernachrichten.de\/index.php?rest_route=\/wp\/v2\/media\/158649"}],"wp:attachment":[{"href":"https:\/\/www.fuldaernachrichten.de\/index.php?rest_route=%2Fwp%2Fv2%2Fmedia&parent=158643"}],"wp:term":[{"taxonomy":"category","embeddable":true,"href":"https:\/\/www.fuldaernachrichten.de\/index.php?rest_route=%2Fwp%2Fv2%2Fcategories&post=158643"},{"taxonomy":"post_tag","embeddable":true,"href":"https:\/\/www.fuldaernachrichten.de\/index.php?rest_route=%2Fwp%2Fv2%2Ftags&post=158643"}],"curies":[{"name":"wp","href":"https:\/\/api.w.org\/{rel}","templated":true}]}}