{"id":158642,"date":"2016-12-25T12:32:00","date_gmt":"2016-12-25T11:32:00","guid":{"rendered":"http:\/\/www.fuldaer-nachrichten.de\/?p=158642"},"modified":"2016-12-25T12:32:00","modified_gmt":"2016-12-25T11:32:00","slug":"uebernachtungszahlen-um-zehn-prozent-gestiegen-fuldas-hotelbetten-gut-ausgelastet","status":"publish","type":"post","link":"https:\/\/www.fuldaernachrichten.de\/?p=158642","title":{"rendered":"\u00dcbernachtungszahlen um zehn Prozent gestiegen &#8211; Fuldas Hotelbetten gut ausgelastet"},"content":{"rendered":"<p>Fulda ist ein beliebtes Reiseziel, sowohl f\u00fcr Kongress- und Tagungsg\u00e4ste als auch f\u00fcr St\u00e4dtereisende und Erholungssuchende. Von Januar bis Oktober 2016 hat die Anzahl der Hotelg\u00e4ste, gemessen an den Ank\u00fcnften, gegen\u00fcber dem Vorjahr um knapp zehn Prozent zugenommen. Insgesamt konnten bis Oktober mehr als eine halbe Million Hotel-\u00dcbernachtungen im Stadtgebiet gez\u00e4hlt werden.<\/p>\n<p>\u201eFulda ist nicht nur w\u00e4hrend des Musicalsommers ein attraktives Ziel f\u00fcr St\u00e4dtereisende sondern das ganze Jahr hindurch beliebt, speziell f\u00fcr klassische Kurzurlaube. Gleichzeitig gewinnen wir als Tagungs- und Kongressstandort immer weiter an Bedeutung\u201c, erl\u00e4utert Oberb\u00fcrgermeister Dr. Heiko Wingenfeld die seit Jahren steigende Nachfrage.<\/p>\n<p>Auch wenn es f\u00fcr einen umfassenden Jahresr\u00fcckblick noch zu fr\u00fch ist, belegen die Zahlen deutlich, dass die \u00dcbernachtungen im Jahr 2016 einen neuen Rekord erreichen werden. \u201eDies ist insbesondere deshalb \u00e4u\u00dferst erfreulich, weil wir bereits im zur\u00fcckliegenden Jahr 2015 gegen\u00fcber dem Vorjahr 2014 eine vergleichbare Steigerung verzeichnen konnten. Der Tourismus in Fulda entwickelt sich seit Jahren positiv\u201c, zeigt sich der Oberb\u00fcrgermeister zufrieden. F\u00fcr das Jahr 2017 rechnet er erneut mit einer Steigerung.<\/p>\n","protected":false},"excerpt":{"rendered":"<div class=\"tmnf_excerpt\"><p>Fulda ist ein beliebtes Reiseziel, sowohl f\u00fcr Kongress- und Tagungsg\u00e4ste als auch f\u00fcr St\u00e4dtereisende und Erholungssuchende. Von Januar bis Oktober 2016 hat die Anzahl der Hotelg\u00e4ste, gemessen an den Ank\u00fcnften, gegen\u00fcber dem Vorjahr um knapp zehn Prozent zugenommen. Insgesamt konnten bis Oktober mehr als eine halbe Million Hotel-\u00dcbernachtungen im Stadtgebiet gez\u00e4hlt werden. \u201eFulda ist nicht &hellip;<\/p>\n<\/div>","protected":false},"author":1,"featured_media":0,"comment_status":"closed","ping_status":"closed","sticky":false,"template":"","format":"standard","meta":{"footnotes":""},"categories":[1],"tags":[],"class_list":["post-158642","post","type-post","status-publish","format-standard","hentry","category-startseite"],"_links":{"self":[{"href":"https:\/\/www.fuldaernachrichten.de\/index.php?rest_route=\/wp\/v2\/posts\/158642","targetHints":{"allow":["GET"]}}],"collection":[{"href":"https:\/\/www.fuldaernachrichten.de\/index.php?rest_route=\/wp\/v2\/posts"}],"about":[{"href":"https:\/\/www.fuldaernachrichten.de\/index.php?rest_route=\/wp\/v2\/types\/post"}],"author":[{"embeddable":true,"href":"https:\/\/www.fuldaernachrichten.de\/index.php?rest_route=\/wp\/v2\/users\/1"}],"replies":[{"embeddable":true,"href":"https:\/\/www.fuldaernachrichten.de\/index.php?rest_route=%2Fwp%2Fv2%2Fcomments&post=158642"}],"version-history":[{"count":1,"href":"https:\/\/www.fuldaernachrichten.de\/index.php?rest_route=\/wp\/v2\/posts\/158642\/revisions"}],"predecessor-version":[{"id":158646,"href":"https:\/\/www.fuldaernachrichten.de\/index.php?rest_route=\/wp\/v2\/posts\/158642\/revisions\/158646"}],"wp:attachment":[{"href":"https:\/\/www.fuldaernachrichten.de\/index.php?rest_route=%2Fwp%2Fv2%2Fmedia&parent=158642"}],"wp:term":[{"taxonomy":"category","embeddable":true,"href":"https:\/\/www.fuldaernachrichten.de\/index.php?rest_route=%2Fwp%2Fv2%2Fcategories&post=158642"},{"taxonomy":"post_tag","embeddable":true,"href":"https:\/\/www.fuldaernachrichten.de\/index.php?rest_route=%2Fwp%2Fv2%2Ftags&post=158642"}],"curies":[{"name":"wp","href":"https:\/\/api.w.org\/{rel}","templated":true}]}}