{"id":158628,"date":"2016-12-25T12:30:34","date_gmt":"2016-12-25T11:30:34","guid":{"rendered":"http:\/\/www.fuldaer-nachrichten.de\/?p=158628"},"modified":"2016-12-25T12:30:34","modified_gmt":"2016-12-25T11:30:34","slug":"notarzt-fahrzeuge-gesegnet-malteser-und-notaerzte-des-klinikums-fulda-kooperieren-am-neuen-standort-dietges","status":"publish","type":"post","link":"https:\/\/www.fuldaernachrichten.de\/?p=158628","title":{"rendered":"Notarzt-Fahrzeuge gesegnet &#8211; Malteser und Not\u00e4rzte des Klinikums Fulda kooperieren am neuen Standort Dietges"},"content":{"rendered":"<p>Die Fahrzeuge f\u00fcr den neuen Notarztstandort in Hilders-Dietges sind bereits eingetroffen und warten an der Rettungswache der Malteser in Petersberg auf ihren ersten Einsatz im Januar 2017. Zuvor erhielten sie den kirchlichen Segen. Zugleich besiegelten die Malteser und die Zentrale Notaufnahme des Klinikums Fulda ihre zuk\u00fcnftige Kooperation bei der not\u00e4rztlichen Versorgung der Rh\u00f6n am Standort in Dietges.<\/p>\n<p>Im Rahmen einer Feierstunde\u00c2\u00a0 segnete der Malteser-Di\u00f6zesanpfarrer Jan Kremer die zwei Einsatzfahrzeuge.\u00c2\u00a0 Ebenso wurde die Kooperation mit der Zentralen Notaufnahme Fulda des Klinikum Fulda feierlich gestartet. Neben den Malteser-eigenen Not\u00e4rzten kommen auch die Not\u00e4rzte aus der Zentralen Notarztaufnahme (ZNA) des Klinikums Fulda am neuen Standort zum Einsatz. \u00c2\u00a0Dr. Petra Zahn, Direktorin der ZNA, und Dirk Rasch, Leiter Notfallvorsorge und Rettungsdienstleiter bei den Maltesern, betonten die\u00c2\u00a0 qualit\u00e4tsorientierte Zusammenarbeit. So wurde bereits gemeinsam an der\u00c2\u00a0 neuen technischen Ausr\u00fcstung\u00c2\u00a0 wie\u00c2\u00a0 dem elektromechanischen Thorax Kompressionsger\u00e4t (Unterst\u00fctzt die Reanimation von Patienten, insbesondere bei lang andauernden Bem\u00fchungen)trainiert. Dr. Zahn \u00fcberbrachte die Gl\u00fcckw\u00fcnsche und Gr\u00fc\u00dfe des Vorstandes des Klinikums.<\/p>\n<p>Thomas Peffermann,\u00c2\u00a0 Di\u00f6zesangesch\u00e4ftsf\u00fchrer\u00c2\u00a0 der Malteser, bedankte sich bei seinen Mitarbeitern f\u00fcr ihre Leistungen und lobte die Zusammenarbeit mit dem Klinikum Fulda, insbesondere an der Schnittstelle zwischen Pr\u00e4klinik und Klinik, die jetzt zum Wohle des Patienten intensiviert werden kann, und w\u00fcnschte allen Beteiligten einen guten Start und erfolgreiche Eins\u00e4tze.<\/p>\n","protected":false},"excerpt":{"rendered":"<div class=\"tmnf_excerpt\"><p>Die Fahrzeuge f\u00fcr den neuen Notarztstandort in Hilders-Dietges sind bereits eingetroffen und warten an der Rettungswache der Malteser in Petersberg auf ihren ersten Einsatz im Januar 2017. Zuvor erhielten sie den kirchlichen Segen. Zugleich besiegelten die Malteser und die Zentrale Notaufnahme des Klinikums Fulda ihre zuk\u00fcnftige Kooperation bei der not\u00e4rztlichen Versorgung der Rh\u00f6n am Standort &hellip;<\/p>\n<\/div>","protected":false},"author":1,"featured_media":158636,"comment_status":"closed","ping_status":"closed","sticky":false,"template":"","format":"standard","meta":{"footnotes":""},"categories":[1],"tags":[],"class_list":["post-158628","post","type-post","status-publish","format-standard","has-post-thumbnail","hentry","category-startseite"],"_links":{"self":[{"href":"https:\/\/www.fuldaernachrichten.de\/index.php?rest_route=\/wp\/v2\/posts\/158628","targetHints":{"allow":["GET"]}}],"collection":[{"href":"https:\/\/www.fuldaernachrichten.de\/index.php?rest_route=\/wp\/v2\/posts"}],"about":[{"href":"https:\/\/www.fuldaernachrichten.de\/index.php?rest_route=\/wp\/v2\/types\/post"}],"author":[{"embeddable":true,"href":"https:\/\/www.fuldaernachrichten.de\/index.php?rest_route=\/wp\/v2\/users\/1"}],"replies":[{"embeddable":true,"href":"https:\/\/www.fuldaernachrichten.de\/index.php?rest_route=%2Fwp%2Fv2%2Fcomments&post=158628"}],"version-history":[{"count":1,"href":"https:\/\/www.fuldaernachrichten.de\/index.php?rest_route=\/wp\/v2\/posts\/158628\/revisions"}],"predecessor-version":[{"id":158637,"href":"https:\/\/www.fuldaernachrichten.de\/index.php?rest_route=\/wp\/v2\/posts\/158628\/revisions\/158637"}],"wp:featuredmedia":[{"embeddable":true,"href":"https:\/\/www.fuldaernachrichten.de\/index.php?rest_route=\/wp\/v2\/media\/158636"}],"wp:attachment":[{"href":"https:\/\/www.fuldaernachrichten.de\/index.php?rest_route=%2Fwp%2Fv2%2Fmedia&parent=158628"}],"wp:term":[{"taxonomy":"category","embeddable":true,"href":"https:\/\/www.fuldaernachrichten.de\/index.php?rest_route=%2Fwp%2Fv2%2Fcategories&post=158628"},{"taxonomy":"post_tag","embeddable":true,"href":"https:\/\/www.fuldaernachrichten.de\/index.php?rest_route=%2Fwp%2Fv2%2Ftags&post=158628"}],"curies":[{"name":"wp","href":"https:\/\/api.w.org\/{rel}","templated":true}]}}