{"id":158610,"date":"2016-12-25T12:24:14","date_gmt":"2016-12-25T11:24:14","guid":{"rendered":"http:\/\/www.fuldaer-nachrichten.de\/?p=158610"},"modified":"2016-12-25T12:24:14","modified_gmt":"2016-12-25T11:24:14","slug":"oekostrom-zertifizierung-fuer-die-rhoenenergie-fulda-renommiertes-label-der-umweltverbaende","status":"publish","type":"post","link":"https:\/\/www.fuldaernachrichten.de\/?p=158610","title":{"rendered":"\u00d6kostrom-Zertifizierung f\u00fcr die Rh\u00f6nEnergie Fulda Renommiertes Label der Umweltverb\u00e4nde"},"content":{"rendered":"<p>Der Wahltarif RH\u00d6NSTROM Natur GSL der Rh\u00f6nEnergie Fulda GmbH hat erneut das \u00d6kostromlabel der Umweltverb\u00e4nde \u201eGr\u00fcner Strom\u201c erhalten. Diese Zertifizierung gilt als besonders streng. Vorausgegangen ist eine erfolgreiche Zertifizierung durch den T\u00dcV.<\/p>\n<p>Seit vielen Jahren bietet die Rh\u00f6nEnergie Fulda f\u00fcr \u00f6kologisch ausgerichtete Kunden auch gr\u00fcnen Strom an. Um die Seriosit\u00e4t dieses Angebots zu unterstreichen, l\u00e4sst das Unternehmen diesen Wahltarif regelm\u00e4\u00dfig zertifizieren und hat daf\u00fcr einen besonders anspruchsvollen Weg gew\u00e4hlt: die Zertifizierung \u00fcber \u201eGr\u00fcner Strom Label\u201c (siehe unten), eine unabh\u00e4ngige Einrichtung der deutschen Umweltverb\u00e4nde.<\/p>\n<p>Die besondere Herausforderung dieser strengen Zertifizierung liegt darin, dass dabei zum einen reiner \u00d6kostrom mit zeitgleicher Lieferung garantiert werden muss. Dieser umweltgerecht erzeugte regenerative Strom stammt im Fall der Rh\u00f6nEnergie Fulda zu 100 Prozent aus einem Wasserkraftwerk in \u00d6sterreich. Dar\u00fcber hinaus wird ein Teil der Einnahmen in einen Fond eingezahlt. Dieser Fond wird dazu verwendet neue regenerative Kraftwerke zu f\u00f6rdern.<\/p>\n<p>Der Schutz der Umwelt und des Klimas hat f\u00fcr die gesamte Rh\u00f6nEnergie Fulda-Gruppe hohen Stellenwert, sagt der Vertriebsleiter der Rh\u00f6nEnergie Fulda, Klaus Moll: \u201eDeshalb haben wir f\u00fcr Strom und Gas jeweils zwei unterschiedliche Natur-Tarife. Das wir f\u00fcr das Strom-Produkt nach erfolgreicher T\u00dcV-Pr\u00fcfung zus\u00e4tzlich das GSL-Label bekommen haben, freut uns nat\u00fcrlich.\u201c<\/p>\n<p>Der Gr\u00fcner Strom Label e.V. zertifiziert gr\u00fcne Energieprodukte. Der Verein vergibt zu diesem Zweck zwei G\u00fctesiegel: Das Label \u201eGr\u00fcner Strom\u201c f\u00fcr \u00d6kostrom mit Mehrwert und ein Label f\u00fcr umweltvertr\u00e4gliches Biogas. Hinter dem Verein stehen sieben gemeinn\u00fctzige Umwelt- und Verbraucherverb\u00e4nde sowie Friedensorganisationen. Die Labels Gr\u00fcner Strom und Gr\u00fcnes Gas sind in Deutschland die einzigen G\u00fctesiegel f\u00fcr \u00d6kostrom und Biogas, die von f\u00fchrenden Umweltverb\u00e4nden getragen werden.<\/p>\n<p>Bei einem Vergleich der \u00d6kostrom-Label durch die Verbraucherzentrale Niedersachsen belegte das \u201eGr\u00fcner Strom\u201c Label in diesem Jahr den ersten Platz.<\/p>\n<p>www.re-fd.de\/strom\/tarife\/rhoenstrom-natur-gsl<\/p>\n<p>www.gruenerstromlabel.de<\/p>\n","protected":false},"excerpt":{"rendered":"<div class=\"tmnf_excerpt\"><p>Der Wahltarif RH\u00d6NSTROM Natur GSL der Rh\u00f6nEnergie Fulda GmbH hat erneut das \u00d6kostromlabel der Umweltverb\u00e4nde \u201eGr\u00fcner Strom\u201c erhalten. Diese Zertifizierung gilt als besonders streng. Vorausgegangen ist eine erfolgreiche Zertifizierung durch den T\u00dcV. Seit vielen Jahren bietet die Rh\u00f6nEnergie Fulda f\u00fcr \u00f6kologisch ausgerichtete Kunden auch gr\u00fcnen Strom an. Um die Seriosit\u00e4t dieses Angebots zu unterstreichen, l\u00e4sst &hellip;<\/p>\n<\/div>","protected":false},"author":1,"featured_media":0,"comment_status":"closed","ping_status":"closed","sticky":false,"template":"","format":"standard","meta":{"footnotes":""},"categories":[1],"tags":[],"class_list":["post-158610","post","type-post","status-publish","format-standard","hentry","category-startseite"],"_links":{"self":[{"href":"https:\/\/www.fuldaernachrichten.de\/index.php?rest_route=\/wp\/v2\/posts\/158610","targetHints":{"allow":["GET"]}}],"collection":[{"href":"https:\/\/www.fuldaernachrichten.de\/index.php?rest_route=\/wp\/v2\/posts"}],"about":[{"href":"https:\/\/www.fuldaernachrichten.de\/index.php?rest_route=\/wp\/v2\/types\/post"}],"author":[{"embeddable":true,"href":"https:\/\/www.fuldaernachrichten.de\/index.php?rest_route=\/wp\/v2\/users\/1"}],"replies":[{"embeddable":true,"href":"https:\/\/www.fuldaernachrichten.de\/index.php?rest_route=%2Fwp%2Fv2%2Fcomments&post=158610"}],"version-history":[{"count":1,"href":"https:\/\/www.fuldaernachrichten.de\/index.php?rest_route=\/wp\/v2\/posts\/158610\/revisions"}],"predecessor-version":[{"id":158630,"href":"https:\/\/www.fuldaernachrichten.de\/index.php?rest_route=\/wp\/v2\/posts\/158610\/revisions\/158630"}],"wp:attachment":[{"href":"https:\/\/www.fuldaernachrichten.de\/index.php?rest_route=%2Fwp%2Fv2%2Fmedia&parent=158610"}],"wp:term":[{"taxonomy":"category","embeddable":true,"href":"https:\/\/www.fuldaernachrichten.de\/index.php?rest_route=%2Fwp%2Fv2%2Fcategories&post=158610"},{"taxonomy":"post_tag","embeddable":true,"href":"https:\/\/www.fuldaernachrichten.de\/index.php?rest_route=%2Fwp%2Fv2%2Ftags&post=158610"}],"curies":[{"name":"wp","href":"https:\/\/api.w.org\/{rel}","templated":true}]}}