{"id":158604,"date":"2016-12-23T06:11:51","date_gmt":"2016-12-23T05:11:51","guid":{"rendered":"http:\/\/www.fuldaer-nachrichten.de\/?p=158604"},"modified":"2016-12-21T21:12:12","modified_gmt":"2016-12-21T20:12:12","slug":"aenderungen-an-der-umsetzung-der-wohnimmobilienkreditrichtlinie-beschlossen","status":"publish","type":"post","link":"https:\/\/www.fuldaernachrichten.de\/?p=158604","title":{"rendered":"\u00c4nderungen an der Umsetzung der Wohnimmobilienkreditrichtlinie beschlossen"},"content":{"rendered":"<p>Die Bundesregierung hat am Mittwoch (21. Dezember) einen Gesetzentwurf mit \u00c4nderungen an der Umsetzung der Wohnimmobilienkreditrichtlinie beschlossen. Baden-W\u00fcrttembergs Finanzministerin Edith Sitzmann, Hessens Finanzminister Dr. Thomas Sch\u00e4fer und Bayerns Justizminister Prof. Dr. Winfried Bausback gehen davon aus, dass sich damit die Versorgung mit Immobilienkrediten gerade f\u00fcr Seniorinnen und Senioren verbessern wird. Auch f\u00fcr Familien und Menschen mit schwankendem Einkommen sind Verbesserungen \u00fcber eine angek\u00fcndigte Verordnung m\u00f6glich:<\/p>\n<p>\u201eDie Versorgung mit Krediten f\u00fcr H\u00e4uslebauer war in den vergangenen Monaten deutlich ausgebremst. Denn bei der Umsetzung der EU-Wohnimmobilienkreditrichtlinie in nationales Recht war der Bund weit \u00fcber das Ziel hinausgeschossen. Das ging zulasten von \u00e4lteren Menschen, von jungen Familien und von Selbstst\u00e4ndigen, deren Einkommen schwankt.<\/p>\n<p>Deshalb haben wir massiv auf \u00c4nderungen gedr\u00e4ngt und einen entsprechenden Gesetzentwurf in den Bundesrat eingebracht. Es darf nicht sein, dass H\u00e4uslebauern, K\u00e4uferinnen und K\u00e4ufern von Wohneigentum und denen, die ihre Immobilie sanieren wollen, ohne Not Steine in den Weg gelegt werden. Umso erfreulicher ist es, dass die Bundesregierung die Regelungen nun korrigieren will &#8211; und zwar in Punkten, die wir in unserem gemeinsamen Gesetzentwurf vorgesehen hatten.<\/p>\n<p>Wir gehen davon aus, dass die unn\u00f6tigen H\u00fcrden damit in vielerlei Hinsicht ausger\u00e4umt werden. Was die Bundesregierung vorgelegt hat, verspricht mehr Rechtssicherheit bei der Kreditw\u00fcrdigkeitspr\u00fcfung, Erleichterungen bei der Kreditvergabe f\u00fcr Renovierung und Bau, und auch die Einf\u00fchrung von Immobilienverzehrkrediten ist geplant. Das ist gut, richtig und wichtig.<\/p>\n<p>Abgeschlossen ist das Thema f\u00fcr uns aber schon deshalb nicht, weil Anschlussfinanzierungen weiterhin ungekl\u00e4rt sind und die k\u00fcnftige Ausgestaltung der Kreditw\u00fcrdigkeitspr\u00fcfung in einer Verordnung geregelt werden soll. Diese Verordnung muss rasch und verbindlich f\u00fcr Klarheit bei der Kreditw\u00fcrdigkeitspr\u00fcfung sorgen. Nur so kann die bestehende Rechtsunsicherheit bei Familien und Menschen mit schwankendem Einkommen beseitigt werden. Den Inhalt der Verordnung kennen wir noch nicht. Wir werden also dran bleiben und das weitere Verfahren auf Bundesebene begleiten.\u201c<\/p>\n","protected":false},"excerpt":{"rendered":"<div class=\"tmnf_excerpt\"><p>Die Bundesregierung hat am Mittwoch (21. Dezember) einen Gesetzentwurf mit \u00c4nderungen an der Umsetzung der Wohnimmobilienkreditrichtlinie beschlossen. Baden-W\u00fcrttembergs Finanzministerin Edith Sitzmann, Hessens Finanzminister Dr. Thomas Sch\u00e4fer und Bayerns Justizminister Prof. Dr. Winfried Bausback gehen davon aus, dass sich damit die Versorgung mit Immobilienkrediten gerade f\u00fcr Seniorinnen und Senioren verbessern wird. Auch f\u00fcr Familien und Menschen &hellip;<\/p>\n<\/div>","protected":false},"author":1,"featured_media":0,"comment_status":"closed","ping_status":"closed","sticky":false,"template":"","format":"standard","meta":{"footnotes":""},"categories":[1],"tags":[],"class_list":["post-158604","post","type-post","status-publish","format-standard","hentry","category-startseite"],"_links":{"self":[{"href":"https:\/\/www.fuldaernachrichten.de\/index.php?rest_route=\/wp\/v2\/posts\/158604","targetHints":{"allow":["GET"]}}],"collection":[{"href":"https:\/\/www.fuldaernachrichten.de\/index.php?rest_route=\/wp\/v2\/posts"}],"about":[{"href":"https:\/\/www.fuldaernachrichten.de\/index.php?rest_route=\/wp\/v2\/types\/post"}],"author":[{"embeddable":true,"href":"https:\/\/www.fuldaernachrichten.de\/index.php?rest_route=\/wp\/v2\/users\/1"}],"replies":[{"embeddable":true,"href":"https:\/\/www.fuldaernachrichten.de\/index.php?rest_route=%2Fwp%2Fv2%2Fcomments&post=158604"}],"version-history":[{"count":1,"href":"https:\/\/www.fuldaernachrichten.de\/index.php?rest_route=\/wp\/v2\/posts\/158604\/revisions"}],"predecessor-version":[{"id":158605,"href":"https:\/\/www.fuldaernachrichten.de\/index.php?rest_route=\/wp\/v2\/posts\/158604\/revisions\/158605"}],"wp:attachment":[{"href":"https:\/\/www.fuldaernachrichten.de\/index.php?rest_route=%2Fwp%2Fv2%2Fmedia&parent=158604"}],"wp:term":[{"taxonomy":"category","embeddable":true,"href":"https:\/\/www.fuldaernachrichten.de\/index.php?rest_route=%2Fwp%2Fv2%2Fcategories&post=158604"},{"taxonomy":"post_tag","embeddable":true,"href":"https:\/\/www.fuldaernachrichten.de\/index.php?rest_route=%2Fwp%2Fv2%2Ftags&post=158604"}],"curies":[{"name":"wp","href":"https:\/\/api.w.org\/{rel}","templated":true}]}}