{"id":158568,"date":"2016-12-21T12:35:33","date_gmt":"2016-12-21T11:35:33","guid":{"rendered":"http:\/\/www.fuldaer-nachrichten.de\/?p=158568"},"modified":"2016-12-21T12:35:33","modified_gmt":"2016-12-21T11:35:33","slug":"die-schoensten-schlossrestaurants-in-deutschland","status":"publish","type":"post","link":"https:\/\/www.fuldaernachrichten.de\/?p=158568","title":{"rendered":"Die sch\u00f6nsten Schlossrestaurants in Deutschland"},"content":{"rendered":"<p><a href=\"http:\/\/www.fuldaer-nachrichten.de\/wp-content\/uploads\/2016\/12\/DSC00131.jpg\"><img decoding=\"async\" class=\"alignleft size-thumbnail wp-image-158574\" src=\"http:\/\/www.fuldaer-nachrichten.de\/wp-content\/uploads\/2016\/12\/DSC00131-265x177.jpg\" alt=\"\" width=\"265\" height=\"177\" srcset=\"https:\/\/www.fuldaernachrichten.de\/wp-content\/uploads\/2016\/12\/DSC00131-265x177.jpg 265w, https:\/\/www.fuldaernachrichten.de\/wp-content\/uploads\/2016\/12\/DSC00131-768x512.jpg 768w, https:\/\/www.fuldaernachrichten.de\/wp-content\/uploads\/2016\/12\/DSC00131-600x400.jpg 600w, https:\/\/www.fuldaernachrichten.de\/wp-content\/uploads\/2016\/12\/DSC00131.jpg 900w\" sizes=\"(max-width: 265px) 100vw, 265px\" \/><\/a>Im Magistratssitzungssaal des Fuldaer Stadtschlosses fand gestern Mittag um 13.30 Uhr der Pressetermin anl\u00e4sslich der Vorstellung des im Michael Imhof Verlag erschienenen Buches zu den sch\u00f6nsten Schlossrestaurants in Deutschland statt. Oberb\u00fcrgermeister Dr. Heiko Wingenfeld begr\u00fc\u00dfte die Anwesenden mit wohlwollenden Worten bzgl. der Pr\u00e4sentation der Orangerie des Stadtschlosses sowie von Schloss Fasanerie und deren Gastronomie im genannten Buch. Thomas Imhof, Gesch\u00e4ftsf\u00fchrer des Michael Imhof Verlages \u00e4u\u00dferte anschlie\u00dfend einleitende Worte zum Buch sowie zu Verlag und Autorin Doroth\u00e9e Baganz, welche schlie\u00dflich vor den geladenen G\u00e4sten \u2013 z. B. Wolfgang Sulzbacher vom Maritim Hotel Fulda und Karl-Gustav M\u00fcller vom Schlossrestaurant und -caf\u00e9 \u201eDie Fasanerie\u201c \u2013 Entstehung und Inhalt des Buches vorstellte. Untermalt von attraktiven Fotos der einzelnen Schl\u00f6sser und Burgen, deren beeindruckender S\u00e4le und R\u00e4umlichkeiten sowie der verschiedenen Gerichte genossen die Teilnehmer einen Blick hinter die kulinarischen Kulissen der 50 im Buch behandelten Objekte, der allen Lust auf mehr gemacht hat.<\/p>\n","protected":false},"excerpt":{"rendered":"<div class=\"tmnf_excerpt\"><p>Im Magistratssitzungssaal des Fuldaer Stadtschlosses fand gestern Mittag um 13.30 Uhr der Pressetermin anl\u00e4sslich der Vorstellung des im Michael Imhof Verlag erschienenen Buches zu den sch\u00f6nsten Schlossrestaurants in Deutschland statt. Oberb\u00fcrgermeister Dr. Heiko Wingenfeld begr\u00fc\u00dfte die Anwesenden mit wohlwollenden Worten bzgl. der Pr\u00e4sentation der Orangerie des Stadtschlosses sowie von Schloss Fasanerie und deren Gastronomie im &hellip;<\/p>\n<\/div>","protected":false},"author":1,"featured_media":158573,"comment_status":"closed","ping_status":"closed","sticky":false,"template":"","format":"standard","meta":{"footnotes":""},"categories":[1],"tags":[],"class_list":["post-158568","post","type-post","status-publish","format-standard","has-post-thumbnail","hentry","category-startseite"],"_links":{"self":[{"href":"https:\/\/www.fuldaernachrichten.de\/index.php?rest_route=\/wp\/v2\/posts\/158568","targetHints":{"allow":["GET"]}}],"collection":[{"href":"https:\/\/www.fuldaernachrichten.de\/index.php?rest_route=\/wp\/v2\/posts"}],"about":[{"href":"https:\/\/www.fuldaernachrichten.de\/index.php?rest_route=\/wp\/v2\/types\/post"}],"author":[{"embeddable":true,"href":"https:\/\/www.fuldaernachrichten.de\/index.php?rest_route=\/wp\/v2\/users\/1"}],"replies":[{"embeddable":true,"href":"https:\/\/www.fuldaernachrichten.de\/index.php?rest_route=%2Fwp%2Fv2%2Fcomments&post=158568"}],"version-history":[{"count":1,"href":"https:\/\/www.fuldaernachrichten.de\/index.php?rest_route=\/wp\/v2\/posts\/158568\/revisions"}],"predecessor-version":[{"id":158575,"href":"https:\/\/www.fuldaernachrichten.de\/index.php?rest_route=\/wp\/v2\/posts\/158568\/revisions\/158575"}],"wp:featuredmedia":[{"embeddable":true,"href":"https:\/\/www.fuldaernachrichten.de\/index.php?rest_route=\/wp\/v2\/media\/158573"}],"wp:attachment":[{"href":"https:\/\/www.fuldaernachrichten.de\/index.php?rest_route=%2Fwp%2Fv2%2Fmedia&parent=158568"}],"wp:term":[{"taxonomy":"category","embeddable":true,"href":"https:\/\/www.fuldaernachrichten.de\/index.php?rest_route=%2Fwp%2Fv2%2Fcategories&post=158568"},{"taxonomy":"post_tag","embeddable":true,"href":"https:\/\/www.fuldaernachrichten.de\/index.php?rest_route=%2Fwp%2Fv2%2Ftags&post=158568"}],"curies":[{"name":"wp","href":"https:\/\/api.w.org\/{rel}","templated":true}]}}