{"id":158557,"date":"2016-12-21T12:36:02","date_gmt":"2016-12-21T11:36:02","guid":{"rendered":"http:\/\/www.fuldaer-nachrichten.de\/?p=158557"},"modified":"2016-12-21T12:36:02","modified_gmt":"2016-12-21T11:36:02","slug":"stammesversammlung-der-dpsg-st-bonifatius-waechtersbach-yannick-storck-loest-henning-janssen-im-stammesvorstand-ab","status":"publish","type":"post","link":"https:\/\/www.fuldaernachrichten.de\/?p=158557","title":{"rendered":"Stammesversammlung der DPSG St. Bonifatius W\u00e4chtersbach  \u2013 Yannick Storck l\u00f6st Henning Janssen im Stammesvorstand ab"},"content":{"rendered":"<p>Auf ein erfolgreiches Jahr 2016 voller besonderer Ereignisse blickten die Pfadfinder des Stammes St. Bonifatius in W\u00e4chtersbach auf ihrer Stammesversammlung zur\u00fcck. Im Nikolaus-Bauer-Haus hatten sich die Gruppenmitglieder aus allen Stufen sowie die Leiterinnen und Leiter und auch viele Eltern versammelt, um R\u00fcckschau zu halten und die Weichen f\u00fcr die Zukunft zu stellen.<\/p>\n<p>Di\u00f6zesanlager in der Rh\u00f6n, Stammeslager im Schwarzwald, Kirchentag und 2. Fest der Kulturen<br \/>\nEin H\u00f6hepunkt des vergangenen Jahres war sicher die Teilnahme des ganzen Stammes am Di\u00f6zesanlager \u201eIn 80 Stunden um die Welt!\u201c der DPSG im Bistum Fulda \u00fcber Pfingsten am Buchschirm in der Rh\u00f6n mit 700 Pfadfinderinnen und Pfadfindern. F\u00fcr alle, die dabei waren, war das sicher eine einmalige Erfahrung, an die sich jede und jeder sicher f\u00fcr immer erinnern wird.<br \/>\nIm Sommer ging es dann auf gro\u00dfes Stammeslager in den Schwarzwald. Zusammen mit der DPSG-Siedlung Niederdorfelden waren die W\u00e4chtersbacher 10 Tage lang unter dem Motto \u201eDie Siedler vom Schwarzen Walde\u201c unterwegs und erlebten viele spannende Abenteuer. \u201eDas Lager war mit seiner Gr\u00f6\u00dfe von \u00fcber 100 Personen eine gro\u00dfe Herausforderung, die wir aber durch die Mitarbeit von vielen Engagierten gut meistern konnten\u201c, fiel das Resum\u00e9e in der Versammlung sehr positiv aus.<br \/>\nDaneben war eine gro\u00dfe Gruppe der \u00e4lteren Stufen als Helfergruppe auf dem Kirchentag in Stuttgart aktiv, was mittlerweile eine richtige Tradition ist. Die Truppe ist mittlerweile bekannt und wird vom Organisationsteam mit sehr verantwortungsvollen T\u00e4tigkeiten betraut, was der Arbeit eine besondere Motivation gibt.<br \/>\nGanz besonders war in diesem Jahr das \u201e2. Fest der Kulturen\u201c im W\u00e4chtersbacher Schlosspark, eine Veranstaltung, die aus dem interreligi\u00f6sen Fest \u201eW\u00e4chtersbach ist bunt!\u201c im Rahmen der 72-Stunden-Aktion im Jahr 2013 entstanden ist und die ganz W\u00e4chtersbach mit einem religions\u00fcbergreifenden Gebetsgottesdienst, einem bunten B\u00fchnenprogramm und Beitr\u00e4gen von vielen Gruppen und Nationen zusammenbrachte.<br \/>\nAuch am diesj\u00e4hrigen Herbstmarkt beteiligte sich der Stamm wieder mit einem gro\u00dfen Angebot rund um den K\u00fcrbis im Hof hinter \u201eUli\u00e2\u20ac\u2122s Gem\u00fcsekiste\u201c. Oft zu h\u00f6ren war an diesem sonnigen Tag. \u201eBei Euch ist es so sch\u00f6n!\u201c<\/p>\n<p>Vielf\u00e4ltig aktiv war auch der im Jahr 2013 gegr\u00fcndete Freundes- und F\u00f6rderverein, in dem auch diejenigen, die nicht (mehr) aktiv mitarbeiten, den W\u00e4chtersbacher Georgspfadfindern aber verbunden sind, die M\u00f6glichkeit haben, die Arbeit des Stammes zu unterst\u00fctzen. So wurde in diesem Jahr ein neues Schlafzelt angeschafft, das Materiallager des Stammes renoviert und ausgebaut und ein System f\u00fcr das Zeltmaterial entwickelt.<\/p>\n<p>Neuwahl des Stammesvorstands<br \/>\nIn diesem Jahr stand die Neuwahl des Stammesvorstands auf der Tagesordnung. Daniel Stehling als Stammeskurat und Markus Leis wurden von der Versammlung in ihren \u00c4mtern f\u00fcr drei weitere Jahre best\u00e4tigt, komplettiert wird das Vorstandsteam von Yannick Storck, der neu ins Amt gew\u00e4hlt wurde und die Nachfolge von Henning Janssen antrat, der sechs Jahre lang im Stammesvorstand\u00c2\u00a0 mitgearbeitet hat. Die Versammlung und insbesondere der Di\u00f6zesanvorstand der DPSG im Bistum Fulda, der die Versammlung besuchte, sprachen Henning Janssen ein herzliches Dankesch\u00f6n f\u00fcr sein Engagement aus, das den Stamm in den letzten Jahren sp\u00fcrbar voran gebracht hat. So haben die W\u00e4chtersbacher Pfadfinder weit \u00fcber 100 zahlende Mitglieder, womit der Stamm zu den gr\u00f6\u00dften im Bistum Fulda geh\u00f6rt.<\/p>\n<p>Ausblick<br \/>\nNun wird im Leben der DPSG W\u00e4chtersbach aber im Jahr 2017 nicht wirklich\u00c2\u00a0 Ruhe einkehren, sondern die n\u00e4chsten Aktionen stehen schon vor der T\u00fcr: im Sommer stehen f\u00fcr die einzelnen Altersstufen Gruppenunternehmungen an. Die Rover planen eine Tour nach Cornwall, f\u00fcr deren Finanzierung sie auf der Versammlung selbstgebackenen Kuchen verkauften, die Pfadfinderstufe f\u00e4hrt ins internationale Pfadfinderzentrum nach Kandersteg in der Schweiz und die Jungpfadfinder- und die W\u00f6lflingsstufe stecken mitten in den Planungen, die Ziele sind noch nicht ganz klar.<\/p>\n<p>Gottesdienst und Lagerfeuer<br \/>\nIm Anschluss an die Versammlung gestalteten die Pfadfinder die Vorabendmesse in der Kirche mit und nahmen inhaltlich Bezug auf das Leben des Heiligen Martin, dessen Gedenktag am 11.11. ist.<br \/>\nNach dem Gottesdienst lud der Stamm zum Lagerfeuer im extra daf\u00fcr aufgebauten Jurtenzelt auf dem Kirchplatz ein, und so sa\u00df man miteinander und mit vielen G\u00e4sten noch lange am w\u00e4rmenden Feuer.<\/p>\n<p>Weitere Informationen zur Arbeit der DPSG St. Bonifatius W\u00e4chtersbach sind unter http:\/\/www.stamm-bonifatius.de\/ zu finden.<br \/>\nWer die Arbeit des Stammes unterst\u00fctzen m\u00f6chte, kann dies gerne tun: DPSG W\u00e4chtersbach, Kto 5 479 878 bei der VR Bank W\u00e4chtersbach (BLZ 506 616 39).<\/p>\n<p>Der Stamm St. Bonifatius W\u00e4chtersbach ist mit seinen \u00fcber 100 Mitgliedern Teil der DPSG im Bistum Fulda, in der \u00fcber 1000 Pfadfinder in 21 St\u00e4mmen aktiv sind.<br \/>\nDie DPSG ist mit 95.000 Mitgliedern der gr\u00f6\u00dfte katholische Pfadfinderverband in Deutschland. Sie ist Mitglied im Weltpfadfinderverband (WOSM), im Ring deutscher Pfadfinderverb\u00e4nde (RdP) und im Bund der deutschen katholischen Jugend (BDKJ). In Der DPSG werden der Geist und die Traditionen der weltweiten Pfadfinderbewegung gelebt und erlebt. Die DPSG versteht sich als ein Verband, der den Mitgliedern die M\u00f6glichkeit gibt, mit Gleichaltrigen selbstverantwortlich und engagiert in Gruppen zusammen zu leben. Die W\u00f6lflinge (7 bis 10 Jahre) entdecken und gestalten ihren Alltag. Die Jungpfadfinder (10 bis 13 Jahre) erleben gemeinsam den Beginn der Jugend. Pfadfinder (13 bis 16 Jahre) wagen es, ihren eigenen Weg zu gehen. Rover (16 bis 20 Jahre) sind unterwegs, erkunden die Welt und packen Probleme an. Begleitet werden die Kinder und Jugendlichen durch erwachsene Leiterinnen und Leiter.<\/p>\n","protected":false},"excerpt":{"rendered":"<div class=\"tmnf_excerpt\"><p>Auf ein erfolgreiches Jahr 2016 voller besonderer Ereignisse blickten die Pfadfinder des Stammes St. Bonifatius in W\u00e4chtersbach auf ihrer Stammesversammlung zur\u00fcck. Im Nikolaus-Bauer-Haus hatten sich die Gruppenmitglieder aus allen Stufen sowie die Leiterinnen und Leiter und auch viele Eltern versammelt, um R\u00fcckschau zu halten und die Weichen f\u00fcr die Zukunft zu stellen. Di\u00f6zesanlager in der &hellip;<\/p>\n<\/div>","protected":false},"author":1,"featured_media":158576,"comment_status":"closed","ping_status":"closed","sticky":false,"template":"","format":"standard","meta":{"footnotes":""},"categories":[1],"tags":[],"class_list":["post-158557","post","type-post","status-publish","format-standard","has-post-thumbnail","hentry","category-startseite"],"_links":{"self":[{"href":"https:\/\/www.fuldaernachrichten.de\/index.php?rest_route=\/wp\/v2\/posts\/158557","targetHints":{"allow":["GET"]}}],"collection":[{"href":"https:\/\/www.fuldaernachrichten.de\/index.php?rest_route=\/wp\/v2\/posts"}],"about":[{"href":"https:\/\/www.fuldaernachrichten.de\/index.php?rest_route=\/wp\/v2\/types\/post"}],"author":[{"embeddable":true,"href":"https:\/\/www.fuldaernachrichten.de\/index.php?rest_route=\/wp\/v2\/users\/1"}],"replies":[{"embeddable":true,"href":"https:\/\/www.fuldaernachrichten.de\/index.php?rest_route=%2Fwp%2Fv2%2Fcomments&post=158557"}],"version-history":[{"count":1,"href":"https:\/\/www.fuldaernachrichten.de\/index.php?rest_route=\/wp\/v2\/posts\/158557\/revisions"}],"predecessor-version":[{"id":158577,"href":"https:\/\/www.fuldaernachrichten.de\/index.php?rest_route=\/wp\/v2\/posts\/158557\/revisions\/158577"}],"wp:featuredmedia":[{"embeddable":true,"href":"https:\/\/www.fuldaernachrichten.de\/index.php?rest_route=\/wp\/v2\/media\/158576"}],"wp:attachment":[{"href":"https:\/\/www.fuldaernachrichten.de\/index.php?rest_route=%2Fwp%2Fv2%2Fmedia&parent=158557"}],"wp:term":[{"taxonomy":"category","embeddable":true,"href":"https:\/\/www.fuldaernachrichten.de\/index.php?rest_route=%2Fwp%2Fv2%2Fcategories&post=158557"},{"taxonomy":"post_tag","embeddable":true,"href":"https:\/\/www.fuldaernachrichten.de\/index.php?rest_route=%2Fwp%2Fv2%2Ftags&post=158557"}],"curies":[{"name":"wp","href":"https:\/\/api.w.org\/{rel}","templated":true}]}}