{"id":158552,"date":"2016-12-21T12:32:29","date_gmt":"2016-12-21T11:32:29","guid":{"rendered":"http:\/\/www.fuldaer-nachrichten.de\/?p=158552"},"modified":"2016-12-21T12:32:29","modified_gmt":"2016-12-21T11:32:29","slug":"andrea-jung-wird-neue-kaufmaennische-leiterin-der-bad-hersfelder-festspiele","status":"publish","type":"post","link":"https:\/\/www.fuldaernachrichten.de\/?p=158552","title":{"rendered":"Andrea Jung wird neue kaufm\u00e4nnische Leiterin der Bad Hersfelder Festspiele"},"content":{"rendered":"<p>Die Volljuristin verf\u00fcgt \u00fcber ein gro\u00dfes Know-how im Bereich von Kulturveranstaltungen, Theaterbetrieb und Tourneeproduktionen. Vor allem ihre langj\u00e4hrigen Kenntnisse im Bereich Budgetierung und Controlling, in der Spielzeitplanung sowie bei der Personalplanung und \u2013f\u00fchrung will sie nun f\u00fcr die Festspiele einbringen.<\/p>\n<p>\u201eIch habe klar wahrgenommen, dass sich die Bad Hersfelder Festspiele hohe Ziele f\u00fcr die Zukunft gesetzt haben. Da sind sie auf einem sehr guten Weg, wie der aktuelle Vorverkauf f\u00fcr die n\u00e4chste Saison zeigt. Das dieser Anspruch Wirklichkeit wird, daf\u00fcr m\u00f6chte ich meinen vollen Beitrag leisten.\u201c<\/p>\n<p>Die Frankfurterin war f\u00fcr den Magistrat klar die erste Wahl im Rahmen des Ausschreibungsverfahrens. B\u00fcrgermeister Thomas Fehling kommentiert die Wahl Jungs zur \u201eFachbereichsleiterin Kultur\u201c kurz und knapp: \u201eFrau Jung hat uns mit Ihrer Kompetenz und ihrem Erfahrungshintergrund \u00fcberzeugt. Sie ist die richtige Besetzung f\u00fcr die Schnittstelle zwischen Kunst, Organisation und Wirtschaftlichkeit.\u201c<\/p>\n<p>Nach eigenen Worten ist f\u00fcr Andrea Jung an der Position in Bad Hersfeld zudem besonders reizvoll, \u201edass ich hier nach mehrj\u00e4hriger T\u00e4tigkeit in Projekten der Kultur- und Veranstaltungsbranche wieder in einem festen Team mit langfristigen Perspektiven und Gestaltungsm\u00f6glichkeiten arbeiten kann.\u201c<\/p>\n<p>Dieses \u201efeste Team\u201c gibt es in Bad Hersfeld mit der Festspielverwaltung \u2013 und dort hat sich Frau Jung in diesen Tagen bereits den Mitarbeiterinnen und Mitarbeitern vorgestellt.<\/p>\n","protected":false},"excerpt":{"rendered":"<div class=\"tmnf_excerpt\"><p>Die Volljuristin verf\u00fcgt \u00fcber ein gro\u00dfes Know-how im Bereich von Kulturveranstaltungen, Theaterbetrieb und Tourneeproduktionen. Vor allem ihre langj\u00e4hrigen Kenntnisse im Bereich Budgetierung und Controlling, in der Spielzeitplanung sowie bei der Personalplanung und \u2013f\u00fchrung will sie nun f\u00fcr die Festspiele einbringen. \u201eIch habe klar wahrgenommen, dass sich die Bad Hersfelder Festspiele hohe Ziele f\u00fcr die Zukunft &hellip;<\/p>\n<\/div>","protected":false},"author":1,"featured_media":158559,"comment_status":"closed","ping_status":"closed","sticky":false,"template":"","format":"standard","meta":{"footnotes":""},"categories":[1],"tags":[],"class_list":["post-158552","post","type-post","status-publish","format-standard","has-post-thumbnail","hentry","category-startseite"],"_links":{"self":[{"href":"https:\/\/www.fuldaernachrichten.de\/index.php?rest_route=\/wp\/v2\/posts\/158552","targetHints":{"allow":["GET"]}}],"collection":[{"href":"https:\/\/www.fuldaernachrichten.de\/index.php?rest_route=\/wp\/v2\/posts"}],"about":[{"href":"https:\/\/www.fuldaernachrichten.de\/index.php?rest_route=\/wp\/v2\/types\/post"}],"author":[{"embeddable":true,"href":"https:\/\/www.fuldaernachrichten.de\/index.php?rest_route=\/wp\/v2\/users\/1"}],"replies":[{"embeddable":true,"href":"https:\/\/www.fuldaernachrichten.de\/index.php?rest_route=%2Fwp%2Fv2%2Fcomments&post=158552"}],"version-history":[{"count":1,"href":"https:\/\/www.fuldaernachrichten.de\/index.php?rest_route=\/wp\/v2\/posts\/158552\/revisions"}],"predecessor-version":[{"id":158560,"href":"https:\/\/www.fuldaernachrichten.de\/index.php?rest_route=\/wp\/v2\/posts\/158552\/revisions\/158560"}],"wp:featuredmedia":[{"embeddable":true,"href":"https:\/\/www.fuldaernachrichten.de\/index.php?rest_route=\/wp\/v2\/media\/158559"}],"wp:attachment":[{"href":"https:\/\/www.fuldaernachrichten.de\/index.php?rest_route=%2Fwp%2Fv2%2Fmedia&parent=158552"}],"wp:term":[{"taxonomy":"category","embeddable":true,"href":"https:\/\/www.fuldaernachrichten.de\/index.php?rest_route=%2Fwp%2Fv2%2Fcategories&post=158552"},{"taxonomy":"post_tag","embeddable":true,"href":"https:\/\/www.fuldaernachrichten.de\/index.php?rest_route=%2Fwp%2Fv2%2Ftags&post=158552"}],"curies":[{"name":"wp","href":"https:\/\/api.w.org\/{rel}","templated":true}]}}