{"id":158532,"date":"2016-12-21T12:28:51","date_gmt":"2016-12-21T11:28:51","guid":{"rendered":"http:\/\/www.fuldaer-nachrichten.de\/?p=158532"},"modified":"2016-12-21T12:28:51","modified_gmt":"2016-12-21T11:28:51","slug":"zahlreiche-ehrungen-im-rahmen-der-weihnachtsfeier-der-caritas-werkstaetten","status":"publish","type":"post","link":"https:\/\/www.fuldaernachrichten.de\/?p=158532","title":{"rendered":"Zahlreiche Ehrungen im Rahmen der Weihnachtsfeier der Caritas-Werkst\u00e4tten"},"content":{"rendered":"<p>Im Rahmen der diesj\u00e4hrigen Weihnachtsfeier der Fuldaer Caritas-Werkst\u00e4tten f\u00fcr Menschen mit Behinderung im Gemeindezentrum K\u00fcnzell wurden die diesj\u00e4hrigen Jubilare unter den Werkstattmitarbeitern, Andreas Atzert, Elisabeth Goldmann und Mike McFaul f\u00fcr ihr 40j\u00e4hriges sowie Karin Neidert, Bernd Goldbach, Dirk Ludwig, Martin Vogel und Janina Lubosz f\u00fcr ihr 25j\u00e4hriges Betriebsjubil\u00e4um ausgezeichnet.<\/p>\n<p>Die Feier mit einem Gru\u00dfwort er\u00f6ffnet hatte Monsignore Elmar Gurk, Aufsichtsratsvorsitzender\u00c2\u00a0 des Di\u00f6zesan-Caritasverbandes. F\u00fcr das Bistum \u00fcberbrachte Generalvikar Prof. Dr. Gerhard Stanke Gr\u00fc\u00dfe an die G\u00e4ste. Auch die B\u00fcrgermeister der Stadt Fulda und der Gemeinde K\u00fcnzell, Dag Wehner und Timo Zentgraf, sowie der Kreisbeigeordnete Bernd Eckart waren unter den Rednern, die \u2013 jeder auf seine pers\u00f6nliche Weise \u2013 auf die Bedeutung von Advent und Weihnachten f\u00fcr den einzelnen Menschen eingingen.<\/p>\n<p>Eine besonders adventliche Stimmung vermittelte wieder das Jugendblasorchester des Marianums unter der Leitung von Karl-Heinz Vogel. H\u00f6hepunkt der Feier war das von den Werkstattmitarbeiterinnen und Mitarbeitern dargebotene Theaterst\u00fcck \u201eDie fr\u00f6hlichen Menschen von Swabidoo\u201c, in dem die positive Wirkung des Schenkens erkennbar wurde.<\/p>\n","protected":false},"excerpt":{"rendered":"<div class=\"tmnf_excerpt\"><p>Im Rahmen der diesj\u00e4hrigen Weihnachtsfeier der Fuldaer Caritas-Werkst\u00e4tten f\u00fcr Menschen mit Behinderung im Gemeindezentrum K\u00fcnzell wurden die diesj\u00e4hrigen Jubilare unter den Werkstattmitarbeitern, Andreas Atzert, Elisabeth Goldmann und Mike McFaul f\u00fcr ihr 40j\u00e4hriges sowie Karin Neidert, Bernd Goldbach, Dirk Ludwig, Martin Vogel und Janina Lubosz f\u00fcr ihr 25j\u00e4hriges Betriebsjubil\u00e4um ausgezeichnet. Die Feier mit einem Gru\u00dfwort er\u00f6ffnet &hellip;<\/p>\n<\/div>","protected":false},"author":1,"featured_media":158543,"comment_status":"closed","ping_status":"closed","sticky":false,"template":"","format":"standard","meta":{"footnotes":""},"categories":[1],"tags":[],"class_list":["post-158532","post","type-post","status-publish","format-standard","has-post-thumbnail","hentry","category-startseite"],"_links":{"self":[{"href":"https:\/\/www.fuldaernachrichten.de\/index.php?rest_route=\/wp\/v2\/posts\/158532","targetHints":{"allow":["GET"]}}],"collection":[{"href":"https:\/\/www.fuldaernachrichten.de\/index.php?rest_route=\/wp\/v2\/posts"}],"about":[{"href":"https:\/\/www.fuldaernachrichten.de\/index.php?rest_route=\/wp\/v2\/types\/post"}],"author":[{"embeddable":true,"href":"https:\/\/www.fuldaernachrichten.de\/index.php?rest_route=\/wp\/v2\/users\/1"}],"replies":[{"embeddable":true,"href":"https:\/\/www.fuldaernachrichten.de\/index.php?rest_route=%2Fwp%2Fv2%2Fcomments&post=158532"}],"version-history":[{"count":1,"href":"https:\/\/www.fuldaernachrichten.de\/index.php?rest_route=\/wp\/v2\/posts\/158532\/revisions"}],"predecessor-version":[{"id":158544,"href":"https:\/\/www.fuldaernachrichten.de\/index.php?rest_route=\/wp\/v2\/posts\/158532\/revisions\/158544"}],"wp:featuredmedia":[{"embeddable":true,"href":"https:\/\/www.fuldaernachrichten.de\/index.php?rest_route=\/wp\/v2\/media\/158543"}],"wp:attachment":[{"href":"https:\/\/www.fuldaernachrichten.de\/index.php?rest_route=%2Fwp%2Fv2%2Fmedia&parent=158532"}],"wp:term":[{"taxonomy":"category","embeddable":true,"href":"https:\/\/www.fuldaernachrichten.de\/index.php?rest_route=%2Fwp%2Fv2%2Fcategories&post=158532"},{"taxonomy":"post_tag","embeddable":true,"href":"https:\/\/www.fuldaernachrichten.de\/index.php?rest_route=%2Fwp%2Fv2%2Ftags&post=158532"}],"curies":[{"name":"wp","href":"https:\/\/api.w.org\/{rel}","templated":true}]}}