{"id":158529,"date":"2016-12-21T12:27:10","date_gmt":"2016-12-21T11:27:10","guid":{"rendered":"http:\/\/www.fuldaer-nachrichten.de\/?p=158529"},"modified":"2016-12-21T12:27:10","modified_gmt":"2016-12-21T11:27:10","slug":"akademische-oelmalerei","status":"publish","type":"post","link":"https:\/\/www.fuldaernachrichten.de\/?p=158529","title":{"rendered":"Akademische \u00d6lmalerei"},"content":{"rendered":"<p>Ein Kurs der Volkshochschule des Landkreises Fulda unter der Leitung von Sergej Kasakow vermittelt Grundkenntnisse in \u00d6ltechnik f\u00fcr Anf\u00e4nger und eine Vertiefung von Fertigkeiten und Kreativit\u00e4t f\u00fcr Fortgeschrittene. Beginn ist am Mittwoch, 10. Januar 201, um 18.30 Uhr im Eduard-Stieler-Campus (Raum 119), Br\u00fcder-Grimm-Str. 5, in Fulda. Infos und Anmeldung mit Kursnummer VO2050130 unter www.vhs-fulda.de oder Telefon (0661)6006-1600 sowie am ersten Kursabend.<\/p>\n","protected":false},"excerpt":{"rendered":"<div class=\"tmnf_excerpt\"><p>Ein Kurs der Volkshochschule des Landkreises Fulda unter der Leitung von Sergej Kasakow vermittelt Grundkenntnisse in \u00d6ltechnik f\u00fcr Anf\u00e4nger und eine Vertiefung von Fertigkeiten und Kreativit\u00e4t f\u00fcr Fortgeschrittene. Beginn ist am Mittwoch, 10. Januar 201, um 18.30 Uhr im Eduard-Stieler-Campus (Raum 119), Br\u00fcder-Grimm-Str. 5, in Fulda. Infos und Anmeldung mit Kursnummer VO2050130 unter www.vhs-fulda.de oder &hellip;<\/p>\n<\/div>","protected":false},"author":1,"featured_media":0,"comment_status":"closed","ping_status":"closed","sticky":false,"template":"","format":"standard","meta":{"footnotes":""},"categories":[1],"tags":[],"class_list":["post-158529","post","type-post","status-publish","format-standard","hentry","category-startseite"],"_links":{"self":[{"href":"https:\/\/www.fuldaernachrichten.de\/index.php?rest_route=\/wp\/v2\/posts\/158529","targetHints":{"allow":["GET"]}}],"collection":[{"href":"https:\/\/www.fuldaernachrichten.de\/index.php?rest_route=\/wp\/v2\/posts"}],"about":[{"href":"https:\/\/www.fuldaernachrichten.de\/index.php?rest_route=\/wp\/v2\/types\/post"}],"author":[{"embeddable":true,"href":"https:\/\/www.fuldaernachrichten.de\/index.php?rest_route=\/wp\/v2\/users\/1"}],"replies":[{"embeddable":true,"href":"https:\/\/www.fuldaernachrichten.de\/index.php?rest_route=%2Fwp%2Fv2%2Fcomments&post=158529"}],"version-history":[{"count":1,"href":"https:\/\/www.fuldaernachrichten.de\/index.php?rest_route=\/wp\/v2\/posts\/158529\/revisions"}],"predecessor-version":[{"id":158538,"href":"https:\/\/www.fuldaernachrichten.de\/index.php?rest_route=\/wp\/v2\/posts\/158529\/revisions\/158538"}],"wp:attachment":[{"href":"https:\/\/www.fuldaernachrichten.de\/index.php?rest_route=%2Fwp%2Fv2%2Fmedia&parent=158529"}],"wp:term":[{"taxonomy":"category","embeddable":true,"href":"https:\/\/www.fuldaernachrichten.de\/index.php?rest_route=%2Fwp%2Fv2%2Fcategories&post=158529"},{"taxonomy":"post_tag","embeddable":true,"href":"https:\/\/www.fuldaernachrichten.de\/index.php?rest_route=%2Fwp%2Fv2%2Ftags&post=158529"}],"curies":[{"name":"wp","href":"https:\/\/api.w.org\/{rel}","templated":true}]}}