{"id":158527,"date":"2016-12-21T12:27:22","date_gmt":"2016-12-21T11:27:22","guid":{"rendered":"http:\/\/www.fuldaer-nachrichten.de\/?p=158527"},"modified":"2016-12-21T12:27:22","modified_gmt":"2016-12-21T11:27:22","slug":"begeistertes-publikum-in-der-berliner-philharmonie","status":"publish","type":"post","link":"https:\/\/www.fuldaernachrichten.de\/?p=158527","title":{"rendered":"Begeistertes Publikum in der Berliner Philharmonie"},"content":{"rendered":"<p>Dass ein Solidarit\u00e4tskonzert nicht nur ein sichtbares Zeichen setzen, sondern auch gro\u00dfe Wirkung entfalten kann, hat die Auff\u00fchrung von Ralph Vaughan Williams \u201eSea Symphony\u201c am 28.11.2016 in Berlin unter Beweis gestellt. Zu dem gemeinsamen Konzertprojekt von ORSO, des St\u00e4dtischen Konzertchores Fulda und des Universit\u00e4tschores Reykjavik waren auch 700 Berliner Fl\u00fcchtlinge in die ausverkaufte Philharmonie gekommen, deren Eintrittskarten das Publikum \u00fcber Solidarit\u00e4tstickets finanziert hatte. Das Ergebnis? Ein atmosph\u00e4risch dichtes Musikerlebnis, das \u00fcber 2.000 Menschen ganz unterschiedlichen Alters unabh\u00e4ngig von ihrer Herkunft oder Lebenssituation zusammenf\u00fchrte.<\/p>\n<p>Willkommenszeichen und Gedenken an verungl\u00fcckte Fl\u00fcchtlinge<br \/>\nDem au\u00dferordentlichen Rahmen entsprach die besondere Botschaft des Konzertprogramms: \u201eZun\u00e4chst m\u00f6chten wir mit Antonin Dvoraks 9. Symphonie \u201eAus der Neuen Welt\u201c alle Menschen, die aus den unterschiedlichen Herkunftsl\u00e4ndern zu uns nach Deutschland gefl\u00fcchtet sind, herzlich willkommen hei\u00dfen\u201c, f\u00fchrte der k\u00fcnstlerische Leiter, Wolfgang Roese, die Konzertbesucher in die Veranstaltung ein. Roese erinnerte daran, dass in den vergangenen Jahrhunderten ebenfalls unz\u00e4hlige Menschen aus Europa ihre Heimat verlie\u00dfen und sich etwa in den USA ein besseres Leben erhofften. \u201eDamals wie heute ist der Aufbruch in ein neues Leben mit hohen Risiken verbunden. Mit der \u201eSea Symphony\u201c wollen wir im zweiten Konzertteil all jener Menschen gedenken, die eine Flucht \u00fcber das Meer nicht \u00fcberlebt haben\u201c, so der Projektleiter und Dirigent. Dar\u00fcber hinaus setze das Konzert ein deutliches Zeichen f\u00fcr das unverbr\u00fcchliche Recht jedes Menschen, aus einer lebensbedrohlichen Situationen gerettet zu werden. Ein Ansatz, den auch Carsten Rupp, musikalischer Leiter des St\u00e4dtischen Konzertchores Winfridia aus Fulda, teilt: &#8220;Wir bringen mit unserer Konzertteilnahme eines ganz deutlich zum Ausdruck: &#8216;Refugees Welcome&#8217;! F\u00fcr uns steht dieses Projekt f\u00fcr eine Fortf\u00fchrung der Willkommenskultur und das unbedingte Miteinander aller Menschen. Ein Zusammenhang, den wir mit unserer Auff\u00fchrung der Sea Symphony im vergangenen Jahr bereits hergestellt haben und den wir im Sinne des kulturellen Humanismus zuk\u00fcnftig auch fortf\u00fchren werden.&#8221;<\/p>\n<p>Das Tosen des Meeres \u00fcbersetzt in Musik<br \/>\nEine \u00fcberzeugende musikalische \u00dcbersetzung dieser Botschaft gelang den S\u00e4ngerinnen und S\u00e4ngern gemeinsam mit den Musikern des ORSOphilharmonic Berlin\/Freiburg, die sich f\u00fcr das au\u00dfergew\u00f6hnliche Konzertprojekt zusammengefunden hatten. W\u00e4hrend in Dvoraks Symphonie \u201eAus der Neuen Welt\u201c nach einem Wechselspiel aus Hoffen und Bangen letztendlich Vorfreude und Zuversicht \u00fcberwogen, schlugen in der von Wolfgang Roese energisch dirigierten Interpretation der \u201eSea Symphony\u201c klanggewaltig die Wellen eines unberechenbaren Meeres auf die hoffnungslos ausgelieferten Schiffe ein. Im Auf und Nieder der Wogen aus Musik trafen Chorgesang, solistische Darbietungen (Sopran: Fenna Ograjensek; Bariton: Daniel Blumenschein) und Orchester immer wieder in unterschiedlicher Akzentuierung aufeinander. Insgesamt gelang eine intensive und zugleich ausdrucksvolle Darbietung, in der die Gefahr des Meeres sowie das schicksalsmutige Ank\u00e4mpfen des Menschen Raum gewannen.<\/p>\n<p>Vom Schicksal der Flucht \u00fcber das Meer tief bewegt<br \/>\n\u201eMusik kann den Blick des Menschen ver\u00e4ndern\u201c, hatten Carsten Rupp und Wolfgang Roese im Vorfeld des Konzertes betont und sich eine ebensolche Wirkung durch die gemeinsame Auff\u00fchrung der &#8220;Sea Symphony&#8221; erhofft. Diese Absicht ist scheinbar gegl\u00fcckt. Das Publikum zeigte sich ergriffen und dankte den Musikern die eindr\u00fcckliche Auff\u00fchrung mit stehenden Ovationen. F\u00fcr Rupp steht daher fest: &#8220;Als Chordirektor des St\u00e4dtischen Konzertchores Winfridia Fulda habe ich mir das Ziel gesetzt, dass unsere Konzerte nicht nur ein wertiges musikalisches Erlebnis sein sollen, sondern auch immer wieder einen aktuellen gesellschaftlichen Bezug vorweisen. Das am 5. M\u00e4rz 2017 anstehende Konzert &#8220;Yunus Emre&#8221; ist eine besondere Gelegenheit, das gelebte Miteinander von Menschen verschiedener kultureller Wurzeln aufzuzeigen und die positiven Momente gegenseitiger Achtung und wechselseitigen Austauschs zu betonen.&#8221;<\/p>\n<p>Zum St\u00e4dtischen Konzertchor Winfridia<br \/>\nDer St\u00e4dtische Konzertchor wurde 1876 als katholischer M\u00e4nnergesangverein ins Leben gerufen. \u201eAufgrund besonderer Verdienste um das musikalische Wirken innerhalb und au\u00dferhalb Fuldas\u201c verlieh der Magistrat der Stadt Fulda unter der Federf\u00fchrung des damaligen Oberb\u00fcrgermeister Dr. Cuno Rabe der &#8220;Winfridia&#8221; 1948 das Pr\u00e4dikat \u201eKonzertchor der Stadt Fulda\u201c. Seit 2011 ist Carsten Rupp der musikalische Leiter f\u00fcr den etwa 80 aktive S\u00e4nger und S\u00e4ngerinnen umfassenden Chor.<\/p>\n<p>Weitere Information zur Geschichte und zum Anspruch des Chores:<br \/>\nhttp:\/\/www.konzertchor-fulda.de\/musikalisch\/chor\/<\/p>\n","protected":false},"excerpt":{"rendered":"<div class=\"tmnf_excerpt\"><p>Dass ein Solidarit\u00e4tskonzert nicht nur ein sichtbares Zeichen setzen, sondern auch gro\u00dfe Wirkung entfalten kann, hat die Auff\u00fchrung von Ralph Vaughan Williams \u201eSea Symphony\u201c am 28.11.2016 in Berlin unter Beweis gestellt. Zu dem gemeinsamen Konzertprojekt von ORSO, des St\u00e4dtischen Konzertchores Fulda und des Universit\u00e4tschores Reykjavik waren auch 700 Berliner Fl\u00fcchtlinge in die ausverkaufte Philharmonie gekommen, &hellip;<\/p>\n<\/div>","protected":false},"author":1,"featured_media":158536,"comment_status":"closed","ping_status":"closed","sticky":false,"template":"","format":"gallery","meta":{"footnotes":""},"categories":[1],"tags":[],"class_list":["post-158527","post","type-post","status-publish","format-gallery","has-post-thumbnail","hentry","category-startseite","post_format-post-format-gallery"],"_links":{"self":[{"href":"https:\/\/www.fuldaernachrichten.de\/index.php?rest_route=\/wp\/v2\/posts\/158527","targetHints":{"allow":["GET"]}}],"collection":[{"href":"https:\/\/www.fuldaernachrichten.de\/index.php?rest_route=\/wp\/v2\/posts"}],"about":[{"href":"https:\/\/www.fuldaernachrichten.de\/index.php?rest_route=\/wp\/v2\/types\/post"}],"author":[{"embeddable":true,"href":"https:\/\/www.fuldaernachrichten.de\/index.php?rest_route=\/wp\/v2\/users\/1"}],"replies":[{"embeddable":true,"href":"https:\/\/www.fuldaernachrichten.de\/index.php?rest_route=%2Fwp%2Fv2%2Fcomments&post=158527"}],"version-history":[{"count":1,"href":"https:\/\/www.fuldaernachrichten.de\/index.php?rest_route=\/wp\/v2\/posts\/158527\/revisions"}],"predecessor-version":[{"id":158539,"href":"https:\/\/www.fuldaernachrichten.de\/index.php?rest_route=\/wp\/v2\/posts\/158527\/revisions\/158539"}],"wp:featuredmedia":[{"embeddable":true,"href":"https:\/\/www.fuldaernachrichten.de\/index.php?rest_route=\/wp\/v2\/media\/158536"}],"wp:attachment":[{"href":"https:\/\/www.fuldaernachrichten.de\/index.php?rest_route=%2Fwp%2Fv2%2Fmedia&parent=158527"}],"wp:term":[{"taxonomy":"category","embeddable":true,"href":"https:\/\/www.fuldaernachrichten.de\/index.php?rest_route=%2Fwp%2Fv2%2Fcategories&post=158527"},{"taxonomy":"post_tag","embeddable":true,"href":"https:\/\/www.fuldaernachrichten.de\/index.php?rest_route=%2Fwp%2Fv2%2Ftags&post=158527"}],"curies":[{"name":"wp","href":"https:\/\/api.w.org\/{rel}","templated":true}]}}