{"id":158514,"date":"2016-12-21T12:23:58","date_gmt":"2016-12-21T11:23:58","guid":{"rendered":"http:\/\/www.fuldaer-nachrichten.de\/?p=158514"},"modified":"2016-12-21T12:23:58","modified_gmt":"2016-12-21T11:23:58","slug":"nach-berlin-bischof-algermissen-bittet-um-gebet","status":"publish","type":"post","link":"https:\/\/www.fuldaernachrichten.de\/?p=158514","title":{"rendered":"Nach Berlin: Bischof Algermissen bittet um Gebet"},"content":{"rendered":"<p>Mit einem Schreiben an alle Geistlichen und Mitarbeiterinnen und Mitarbeiter im Pastoralen Dienst hat Fuldas Bischof Heinz Josef Algermissen auf den terroristischen Anschlag gegen Besucher eines Weihnachtsmarktes in Berlin reagiert. Der Bischof zeigte sich ersch\u00fcttert \u00fcber den Terrorakt, der viele Tote und Verletzte gefordert hatte. Geistliche und pastorale Mitarbeiter im gesamten Bistum bat er, die Gebete f\u00fcr die Opfer und deren Angeh\u00f6rige sowie f\u00fcr alle, die durch diesen Anschlag zutiefst verunsichert seien, auch in den n\u00e4chsten Tagen fortzusetzen. Die Gebete in den Gottesdiensten und Adventsandachten sowie das pers\u00f6nliche Gebet k\u00f6nnten den Menschen helfen, ihre Unsicherheit und Angst vor Gott zu bringen, so Algermissen. Der Bischof verbindet mit seiner Aufforderung die Hoffnung, dass das Vertrauen auf Gott als Freund des Lebens gest\u00e4rkt werde. Als besonders geeignete Texte empfahl er aus dem Gotteslob die Gebete unter den Nummern 19,4; 20,4 und 680,2.<\/p>\n","protected":false},"excerpt":{"rendered":"<div class=\"tmnf_excerpt\"><p>Mit einem Schreiben an alle Geistlichen und Mitarbeiterinnen und Mitarbeiter im Pastoralen Dienst hat Fuldas Bischof Heinz Josef Algermissen auf den terroristischen Anschlag gegen Besucher eines Weihnachtsmarktes in Berlin reagiert. Der Bischof zeigte sich ersch\u00fcttert \u00fcber den Terrorakt, der viele Tote und Verletzte gefordert hatte. Geistliche und pastorale Mitarbeiter im gesamten Bistum bat er, die &hellip;<\/p>\n<\/div>","protected":false},"author":1,"featured_media":0,"comment_status":"closed","ping_status":"closed","sticky":false,"template":"","format":"standard","meta":{"footnotes":""},"categories":[1],"tags":[],"class_list":["post-158514","post","type-post","status-publish","format-standard","hentry","category-startseite"],"_links":{"self":[{"href":"https:\/\/www.fuldaernachrichten.de\/index.php?rest_route=\/wp\/v2\/posts\/158514","targetHints":{"allow":["GET"]}}],"collection":[{"href":"https:\/\/www.fuldaernachrichten.de\/index.php?rest_route=\/wp\/v2\/posts"}],"about":[{"href":"https:\/\/www.fuldaernachrichten.de\/index.php?rest_route=\/wp\/v2\/types\/post"}],"author":[{"embeddable":true,"href":"https:\/\/www.fuldaernachrichten.de\/index.php?rest_route=\/wp\/v2\/users\/1"}],"replies":[{"embeddable":true,"href":"https:\/\/www.fuldaernachrichten.de\/index.php?rest_route=%2Fwp%2Fv2%2Fcomments&post=158514"}],"version-history":[{"count":1,"href":"https:\/\/www.fuldaernachrichten.de\/index.php?rest_route=\/wp\/v2\/posts\/158514\/revisions"}],"predecessor-version":[{"id":158521,"href":"https:\/\/www.fuldaernachrichten.de\/index.php?rest_route=\/wp\/v2\/posts\/158514\/revisions\/158521"}],"wp:attachment":[{"href":"https:\/\/www.fuldaernachrichten.de\/index.php?rest_route=%2Fwp%2Fv2%2Fmedia&parent=158514"}],"wp:term":[{"taxonomy":"category","embeddable":true,"href":"https:\/\/www.fuldaernachrichten.de\/index.php?rest_route=%2Fwp%2Fv2%2Fcategories&post=158514"},{"taxonomy":"post_tag","embeddable":true,"href":"https:\/\/www.fuldaernachrichten.de\/index.php?rest_route=%2Fwp%2Fv2%2Ftags&post=158514"}],"curies":[{"name":"wp","href":"https:\/\/api.w.org\/{rel}","templated":true}]}}