{"id":158497,"date":"2016-12-21T12:20:55","date_gmt":"2016-12-21T11:20:55","guid":{"rendered":"http:\/\/www.fuldaer-nachrichten.de\/?p=158497"},"modified":"2016-12-21T12:20:55","modified_gmt":"2016-12-21T11:20:55","slug":"dioezesan-caritasdirektor-dr-markus-juch-zieht-bilanz-fuer-das-jahr-2016-und-dankt-allen-mitarbeitern-freiwilligen-helfern-und-unterstuetzern-der-caritas-im-bistum-fulda","status":"publish","type":"post","link":"https:\/\/www.fuldaernachrichten.de\/?p=158497","title":{"rendered":"Di\u00f6zesan-Caritasdirektor Dr. Markus Juch zieht Bilanz f\u00fcr das Jahr 2016 und dankt allen Mitarbeitern,  freiwilligen Helfern und Unterst\u00fctzern der Caritas im Bistum Fulda"},"content":{"rendered":"<p>Auch das Jahr 2016 stand noch im Zeichen der verst\u00e4rkten Fl\u00fcchtlingshilfe, die durch die enorme Zuwanderung von Menschen in das Gebiet des Bistums Fulda im Jahr 2015 von der Caritas aufgebaut werden musste. Trotz dieser \u201eHerkules-Aufgabe\u201c zieht Di\u00f6zesan-Caritasdirektor Dr. Markus Juch in Hinblick auf die Fl\u00fcchtlingsbetreuung in Fulda, Kassel und anderswo eine sehr positive Bilanz: \u201eNachdem die Bistumsleitung die Caritas im vergangenen Jahr offiziell mit der Koordinierung der kirchlichen Arbeit zur sozialen Betreuung der Fl\u00fcchtlinge beauftragt hat, haben wir systematisch und in Koordination mit anderen Hilfsorganisationen und Institutionen ein Netzwerk der Hilfe errichtet. Begleitung zur Integration steht dabei inzwischen verst\u00e4rkt\u00c2\u00a0 im Vordergrund der Ma\u00dfnahmen\u201c, so Caritasdirektor Juch. \u201eDoch bei aller Professionalit\u00e4t und bei allem Einsatzwillen unserer hauptamtlichen Mitarbeiterteams: Ohne die unz\u00e4hligen ehrenamtliche Helfer und ohne die Spenden vieler h\u00e4tten wir nie so viel erreichen Positives k\u00f6nnen!\u201c Zu den Projekten in der Fl\u00fcchtlingshilfe geh\u00f6ren zum Beispiel mit Eigenmitteln des Bistums finanzierte Intensivsprachkurse f\u00fcr Fl\u00fcchtlinge mit guten Bleibeperspektiven sowie die Arbeit zur Integration unbegleiteter minderj\u00e4hriger Zuwanderer durch p\u00e4dagogische Betreuung, Hilfe bei Schule und der Beschaffung von Praktika und Ausbildungspl\u00e4tzen. Auch 2017 soll diese Arbeit intensiv weiter gef\u00fchrt werden.<\/p>\n<p>Auch auf anderen Arbeitsfeldern der Caritas stellen die vielen Freiwilligen der Caritas eine wichtige Unterst\u00fctzung der Mitarbeiterinnen und Mitarbeiter dar. \u201eJede Form der ehrenamtlichen T\u00e4tigkeit ist wertvoll und bedeutsam bei der Betreuung unserer Klientel\u201c, betont Juch. \u201eIm Altenpflegeheim beispielsweise bieten die Freiwilligen den Senioren Begleitung f\u00fcr Einkaufsbummel oder Spazierg\u00e4nge an. Sie lesen aus Zeitung und B\u00fcchern vor oder f\u00fchren gemeinsame Sanges- oder Malst\u00fcndchen durch. Dabei k\u00f6nnen die Ehrenamtlichen auch eigene Ideen einbringen. Der Phantasie bei der Gestaltung von Angeboten sind eigentlich keine Grenzen gesetzt.\u201c Auch in der Jugendhilfe und in der Behindertenhilfe, in der Kleiderkammer oder in der Wohnungslosenhilfe bietet die Caritas zahlreiche Formen f\u00fcr Engagement an.<\/p>\n<p>\u201eZum Ende des Jahres 2016 m\u00f6chte ich jetzt allen Mitarbeiterinnen und Mitarbeitern, allen Ehrenamtlichen und allen Helfern in den Freiwilligendiensten sowie nat\u00fcrlich allen, die gespendet haben f\u00fcr die Caritas-Arbeit, herzlich f\u00fcr jede Form der Unterst\u00fctzung danken. Ohne ihre freiwilligen Helferinnen und Helfer, ihre Freunde und G\u00f6nner w\u00e4re die Caritas nicht das, was sie ist und darstellt\u201c, res\u00fcmiert Juch. \u201eWie gut die Caritas-Idee als gemeinschaftliche Helfer-Aufgabe f\u00fcr die Armen und Schwachen ist, zeigt sich daran, wie agil sie trotz ihres Alters ist: Der Caritasverband f\u00fcr die Di\u00f6zese Fulda wird 2017 100 Jahre alt! Das wollen wir im Sommer dann auch mit allen, die dabei sein wollen, in Fulda feiern. Am 23. Juni gibt es einen Aktions-Tag der Caritas auf dem Universit\u00e4tsplatz zu Fulda. Den Termin k\u00f6nnen Sie sich gerne schon jetzt vorsorglich im Kalender markieren\u00e2\u20ac\u00a6\u201c<\/p>\n<p>Mit seinem Dank an alle Freunde und Helfer der Caritas verbindet Di\u00f6zesan-Caritasdirektor Dr Markus Juch die besten W\u00fcnsche f\u00fcr das Weihnachtsfest und zum Jahreswechsel: \u201eIch w\u00fcnsche allen eine frohe Weihnacht und ein gutes neues Jahr, das hoffentlich Gutes f\u00fcr alle bereit h\u00e4lt \u2013 auch\u00c2\u00a0 und gerade f\u00fcr alle die Menschen, die 2016\u00c2\u00a0 in irgendeiner Weise auf Hilfe durch die Caritas angewiesen waren!\u201c<\/p>\n","protected":false},"excerpt":{"rendered":"<div class=\"tmnf_excerpt\"><p>Auch das Jahr 2016 stand noch im Zeichen der verst\u00e4rkten Fl\u00fcchtlingshilfe, die durch die enorme Zuwanderung von Menschen in das Gebiet des Bistums Fulda im Jahr 2015 von der Caritas aufgebaut werden musste. Trotz dieser \u201eHerkules-Aufgabe\u201c zieht Di\u00f6zesan-Caritasdirektor Dr. Markus Juch in Hinblick auf die Fl\u00fcchtlingsbetreuung in Fulda, Kassel und anderswo eine sehr positive Bilanz: &hellip;<\/p>\n<\/div>","protected":false},"author":1,"featured_media":158504,"comment_status":"closed","ping_status":"closed","sticky":false,"template":"","format":"standard","meta":{"footnotes":""},"categories":[1],"tags":[],"class_list":["post-158497","post","type-post","status-publish","format-standard","has-post-thumbnail","hentry","category-startseite"],"_links":{"self":[{"href":"https:\/\/www.fuldaernachrichten.de\/index.php?rest_route=\/wp\/v2\/posts\/158497","targetHints":{"allow":["GET"]}}],"collection":[{"href":"https:\/\/www.fuldaernachrichten.de\/index.php?rest_route=\/wp\/v2\/posts"}],"about":[{"href":"https:\/\/www.fuldaernachrichten.de\/index.php?rest_route=\/wp\/v2\/types\/post"}],"author":[{"embeddable":true,"href":"https:\/\/www.fuldaernachrichten.de\/index.php?rest_route=\/wp\/v2\/users\/1"}],"replies":[{"embeddable":true,"href":"https:\/\/www.fuldaernachrichten.de\/index.php?rest_route=%2Fwp%2Fv2%2Fcomments&post=158497"}],"version-history":[{"count":1,"href":"https:\/\/www.fuldaernachrichten.de\/index.php?rest_route=\/wp\/v2\/posts\/158497\/revisions"}],"predecessor-version":[{"id":158505,"href":"https:\/\/www.fuldaernachrichten.de\/index.php?rest_route=\/wp\/v2\/posts\/158497\/revisions\/158505"}],"wp:featuredmedia":[{"embeddable":true,"href":"https:\/\/www.fuldaernachrichten.de\/index.php?rest_route=\/wp\/v2\/media\/158504"}],"wp:attachment":[{"href":"https:\/\/www.fuldaernachrichten.de\/index.php?rest_route=%2Fwp%2Fv2%2Fmedia&parent=158497"}],"wp:term":[{"taxonomy":"category","embeddable":true,"href":"https:\/\/www.fuldaernachrichten.de\/index.php?rest_route=%2Fwp%2Fv2%2Fcategories&post=158497"},{"taxonomy":"post_tag","embeddable":true,"href":"https:\/\/www.fuldaernachrichten.de\/index.php?rest_route=%2Fwp%2Fv2%2Ftags&post=158497"}],"curies":[{"name":"wp","href":"https:\/\/api.w.org\/{rel}","templated":true}]}}