{"id":158484,"date":"2016-12-20T12:18:29","date_gmt":"2016-12-20T11:18:29","guid":{"rendered":"http:\/\/www.fuldaer-nachrichten.de\/?p=158484"},"modified":"2016-12-20T12:18:29","modified_gmt":"2016-12-20T11:18:29","slug":"neubuerger-zu-gefahren-im-strassenverkehr-geschult-11-teilnehmer-in-flieden","status":"publish","type":"post","link":"https:\/\/www.fuldaernachrichten.de\/?p=158484","title":{"rendered":"Neub\u00fcrger zu Gefahren im Stra\u00dfenverkehr geschult &#8211; 11 Teilnehmer \u00c2\u00a0in Flieden"},"content":{"rendered":"<p>Die Grundregeln im Stra\u00dfenverkehr besonders f\u00fcr Fu\u00dfg\u00e4nger und Radfahrer waren Inhalt einer zweit\u00e4gigen Schulung von Neub\u00fcrgern aus Syrien und Afghanistan in den R\u00e4umen der Freiwilligen Feuerwehr Flieden. Der Vorsitzende der Kreisverkehrswacht Gerhard Brink moderierte die Schulung mit umfangreichem Equipment.<\/p>\n<p>Initiiert von der Malteser-Koordinatorin Waltraud Born war die Veranstaltung eine gelungene Kooperation auf Gemeindeebene. F\u00fcr die Unterst\u00fctzung dankte der Integrationslotse f\u00fcr den Landkreis und die Malteser im Bezirk Fulda-S\u00fcd, Martin Best, den Helfern im Netzwerk Flieden. Neben Brink galt sein Dank Goswin Iller, dem Wehrf\u00fchrer der FFW Flieden, f\u00fcr die Bereitstellung des Schulungsraums und Annette M\u00f6ller f\u00fcr die Mithilfe seitens der Gemeinde Flieden.<\/p>\n<p>Von den elf Teilnehmern waren zwei aus Fulda und eine aus Kalbach angereist. Durch praktische \u00dcbungen unter Einsatz verst\u00e4ndlicher Gestik sowie Bildern und Schautafeln waren sprachliche Defizite schnell neutralisiert. Alle Teilnehmer waren sehr interessiert und brachten sich begeistert in die Verkehrssimulationen ein. Besonders die jungen und die weiblichen Teilnehmer meisterten durch ihren Lernwillen und Auffassungsgabe die gestellten Verst\u00e4ndnisfragen (fast) problemlos. Daf\u00fcr erhielten alle abschlie\u00dfend von Brink eine Urkunde, die sie stolz entgegen nahmen.<\/p>\n<p>F\u00fcr die Radfahrer gab es den Tipp,\u00c2\u00a0 die Sicherheit durch Tragen einer Warnweste und Helm zu erh\u00f6hen. Praxisnah wurde der Hinweis umgesetzt, dass ein Fahrrad auf die K\u00f6rpergr\u00f6\u00dfe abgestimmt sein sollte. Ein Neunj\u00e4hriger, der mit einem zu gro\u00dfen Rad gekommen war, erhielt ein auf Verkehrssicherheit ausger\u00fcstetes gestiftetes Kinderrad, das Erwachsenenrad wird nach einem Check an einen anderen Neub\u00fcrger gehen.<br \/>\nFoto: Gerhard Brink (links)\u00c2\u00a0 und Abdul Antar bei der Verkehrsschulung.<\/p>\n","protected":false},"excerpt":{"rendered":"<div class=\"tmnf_excerpt\"><p>Die Grundregeln im Stra\u00dfenverkehr besonders f\u00fcr Fu\u00dfg\u00e4nger und Radfahrer waren Inhalt einer zweit\u00e4gigen Schulung von Neub\u00fcrgern aus Syrien und Afghanistan in den R\u00e4umen der Freiwilligen Feuerwehr Flieden. Der Vorsitzende der Kreisverkehrswacht Gerhard Brink moderierte die Schulung mit umfangreichem Equipment. Initiiert von der Malteser-Koordinatorin Waltraud Born war die Veranstaltung eine gelungene Kooperation auf Gemeindeebene. F\u00fcr die &hellip;<\/p>\n<\/div>","protected":false},"author":1,"featured_media":158486,"comment_status":"closed","ping_status":"closed","sticky":false,"template":"","format":"standard","meta":{"footnotes":""},"categories":[1],"tags":[],"class_list":["post-158484","post","type-post","status-publish","format-standard","has-post-thumbnail","hentry","category-startseite"],"_links":{"self":[{"href":"https:\/\/www.fuldaernachrichten.de\/index.php?rest_route=\/wp\/v2\/posts\/158484","targetHints":{"allow":["GET"]}}],"collection":[{"href":"https:\/\/www.fuldaernachrichten.de\/index.php?rest_route=\/wp\/v2\/posts"}],"about":[{"href":"https:\/\/www.fuldaernachrichten.de\/index.php?rest_route=\/wp\/v2\/types\/post"}],"author":[{"embeddable":true,"href":"https:\/\/www.fuldaernachrichten.de\/index.php?rest_route=\/wp\/v2\/users\/1"}],"replies":[{"embeddable":true,"href":"https:\/\/www.fuldaernachrichten.de\/index.php?rest_route=%2Fwp%2Fv2%2Fcomments&post=158484"}],"version-history":[{"count":1,"href":"https:\/\/www.fuldaernachrichten.de\/index.php?rest_route=\/wp\/v2\/posts\/158484\/revisions"}],"predecessor-version":[{"id":158487,"href":"https:\/\/www.fuldaernachrichten.de\/index.php?rest_route=\/wp\/v2\/posts\/158484\/revisions\/158487"}],"wp:featuredmedia":[{"embeddable":true,"href":"https:\/\/www.fuldaernachrichten.de\/index.php?rest_route=\/wp\/v2\/media\/158486"}],"wp:attachment":[{"href":"https:\/\/www.fuldaernachrichten.de\/index.php?rest_route=%2Fwp%2Fv2%2Fmedia&parent=158484"}],"wp:term":[{"taxonomy":"category","embeddable":true,"href":"https:\/\/www.fuldaernachrichten.de\/index.php?rest_route=%2Fwp%2Fv2%2Fcategories&post=158484"},{"taxonomy":"post_tag","embeddable":true,"href":"https:\/\/www.fuldaernachrichten.de\/index.php?rest_route=%2Fwp%2Fv2%2Ftags&post=158484"}],"curies":[{"name":"wp","href":"https:\/\/api.w.org\/{rel}","templated":true}]}}