{"id":158481,"date":"2016-12-20T12:19:57","date_gmt":"2016-12-20T11:19:57","guid":{"rendered":"http:\/\/www.fuldaer-nachrichten.de\/?p=158481"},"modified":"2016-12-20T12:19:57","modified_gmt":"2016-12-20T11:19:57","slug":"40-jahre-im-unternehmen-%e2%80%a8gisela-schroeder-begeht-jubilaeum-in-der-wehner-groma","status":"publish","type":"post","link":"https:\/\/www.fuldaernachrichten.de\/?p=158481","title":{"rendered":"40 Jahre im Unternehmen\u00c2\u00a0&#8211; \u00e2\u20ac\u00a8Gisela Schr\u00f6der begeht Jubil\u00e4um in der Wehner Groma"},"content":{"rendered":"<p>Als ein echtes \u201eUrgestein\u201c der Wehner Groma bezeichnen ihre Kollegen Gisela Schr\u00f6der, die zum Abschluss des Jahres ihr 40. Jubil\u00e4um im Unternehmen begeht. Obwohl die Fuldaerin bereits im Ruhestand ist, arbeitet sie regelm\u00e4\u00dfig einen Tag in der Woche an ihrem Arbeitsplatz an der Kasse. \u201eGanz im Ruhestand sein, das kann ich nicht, da w\u00fcrde mir etwas fehlen.\u201c<\/p>\n<p>Nach einer Ausbildung zur Einzelhandelskauffrau begann die Karriere der 65-J\u00e4hrigen 1976 bei der Wehner Groma. Zu Beginn als \u201eSpringerin\u201c eingeteilt, war Gisela Schr\u00f6der unter anderem f\u00fcr Spirituosen und Drogerieartikel zust\u00e4ndig, bis sie den Schwerpunkt \u201eKasse\u201c \u00fcbernahm \u2013 f\u00fcr den sie bis heute verantwortlich zeichnet. Die Jubilarin erinnert sich augenzwinkernd an den \u2013 damals noch recht umst\u00e4ndlichen \u2013 Einkauf: \u201eUnsere Kunden mussten beim Einkaufen selbst die Artikelnummern der Produkte aufschreiben und uns \u00fcbergeben. Wir haben die Daten dann h\u00e4ndisch auf die Registrierkassen \u00fcbertragen \u2013 und wenn bei den neunstelligen Zahlenfolgen einmal \u00e2\u20ac\u0161Dreher\u00e2\u20ac\u02dc vorkamen, ging es wieder von vorne los.\u201c Ganz ohne Frage ist die Abwicklung heute durch moderne Technik, Computerprogramme und Scanner wesentlicher komfortabler geworden. W\u00e4hrend sich die technischen Gegebenheiten deutlich ver\u00e4ndert haben, ist gerade das Atmosph\u00e4rische gleich geblieben: \u201eMeine Kunden sind heute noch genauso toll, wie fr\u00fcher. Wo 1990 der Senior eines Betriebes bei uns eingekauft hat, ist es heute der Junior \u2013 man kennt sich. Dar\u00fcber hinaus ist der Umgang mit den Kollegen und der Gesch\u00e4ftsf\u00fchrung famili\u00e4r und pers\u00f6nlich. Ich freue mich, dass nach langer Zeit seit 2006 endlich einmal eine Frau, Simone Pappert, Marktleiterin geworden ist.\u00c2\u00a0 Nicht zuletzt aufgrund des Betriebsklimas hat es mich so lange im Unternehmen gehalten\u201c, erkl\u00e4rt Gisela Schr\u00f6der. Und eines ist gewiss: \u201eIch mache so lange weiter, wie es geht.\u201c<\/p>\n<p>BU: Gratulation von der Gesch\u00e4ftsf\u00fchrung zu 40 Jahren Betriebszugeh\u00f6rigkeit: Oliver Wehner, Kristin Wehner-Rundshagen, Jubilarin Gisela Schr\u00f6der und Hermann Schneider (v. l.).<\/p>\n","protected":false},"excerpt":{"rendered":"<div class=\"tmnf_excerpt\"><p>Als ein echtes \u201eUrgestein\u201c der Wehner Groma bezeichnen ihre Kollegen Gisela Schr\u00f6der, die zum Abschluss des Jahres ihr 40. Jubil\u00e4um im Unternehmen begeht. Obwohl die Fuldaerin bereits im Ruhestand ist, arbeitet sie regelm\u00e4\u00dfig einen Tag in der Woche an ihrem Arbeitsplatz an der Kasse. \u201eGanz im Ruhestand sein, das kann ich nicht, da w\u00fcrde mir &hellip;<\/p>\n<\/div>","protected":false},"author":1,"featured_media":158490,"comment_status":"closed","ping_status":"closed","sticky":false,"template":"","format":"standard","meta":{"footnotes":""},"categories":[1],"tags":[],"class_list":["post-158481","post","type-post","status-publish","format-standard","has-post-thumbnail","hentry","category-startseite"],"_links":{"self":[{"href":"https:\/\/www.fuldaernachrichten.de\/index.php?rest_route=\/wp\/v2\/posts\/158481","targetHints":{"allow":["GET"]}}],"collection":[{"href":"https:\/\/www.fuldaernachrichten.de\/index.php?rest_route=\/wp\/v2\/posts"}],"about":[{"href":"https:\/\/www.fuldaernachrichten.de\/index.php?rest_route=\/wp\/v2\/types\/post"}],"author":[{"embeddable":true,"href":"https:\/\/www.fuldaernachrichten.de\/index.php?rest_route=\/wp\/v2\/users\/1"}],"replies":[{"embeddable":true,"href":"https:\/\/www.fuldaernachrichten.de\/index.php?rest_route=%2Fwp%2Fv2%2Fcomments&post=158481"}],"version-history":[{"count":1,"href":"https:\/\/www.fuldaernachrichten.de\/index.php?rest_route=\/wp\/v2\/posts\/158481\/revisions"}],"predecessor-version":[{"id":158492,"href":"https:\/\/www.fuldaernachrichten.de\/index.php?rest_route=\/wp\/v2\/posts\/158481\/revisions\/158492"}],"wp:featuredmedia":[{"embeddable":true,"href":"https:\/\/www.fuldaernachrichten.de\/index.php?rest_route=\/wp\/v2\/media\/158490"}],"wp:attachment":[{"href":"https:\/\/www.fuldaernachrichten.de\/index.php?rest_route=%2Fwp%2Fv2%2Fmedia&parent=158481"}],"wp:term":[{"taxonomy":"category","embeddable":true,"href":"https:\/\/www.fuldaernachrichten.de\/index.php?rest_route=%2Fwp%2Fv2%2Fcategories&post=158481"},{"taxonomy":"post_tag","embeddable":true,"href":"https:\/\/www.fuldaernachrichten.de\/index.php?rest_route=%2Fwp%2Fv2%2Ftags&post=158481"}],"curies":[{"name":"wp","href":"https:\/\/api.w.org\/{rel}","templated":true}]}}