{"id":158476,"date":"2016-12-20T12:16:13","date_gmt":"2016-12-20T11:16:13","guid":{"rendered":"http:\/\/www.fuldaer-nachrichten.de\/?p=158476"},"modified":"2016-12-20T12:16:13","modified_gmt":"2016-12-20T11:16:13","slug":"die-rhoen-hr-fernsehen-erkundet-naturschoenheiten-im-land-der-offenen-fernen","status":"publish","type":"post","link":"https:\/\/www.fuldaernachrichten.de\/?p=158476","title":{"rendered":"Die Rh\u00f6n  hr-fernsehen erkundet Natursch\u00f6nheiten im Land der offenen Fernen"},"content":{"rendered":"<p>Ganz im Zeichen der Rh\u00f6n steht der Abend des zweiten Weihnachtsfeiertags im hr-fernsehen. Am Montag, 26. Dezember, zeigt der hr zur besten Sendezeit um 20.15 Uhr \u201eDie Rh\u00f6n \u2013 Natursch\u00f6nheiten im Land der offenen Fernen\u201c. Der 90-min\u00fctige Film von Heribert Sch\u00f6ller folgt Landschaft und Lebensr\u00e4umen durch die Jahreszeiten, beobachtet seltene Tiere und Pflanzen und l\u00e4sst auch den Menschen nicht au\u00dfen vor. Die Kamera legt besonderes Augenmerk auf die visuellen Zwischenreiche: die Zeit, wenn der Tag erwacht oder sich abends die Nacht ausbreitet \u2013 Zeiten des Zwielichts und der blauen Stunde. Bisweilen folgt sie den Protagonisten sogar bis in die Nacht hinein. Dadurch besitzt der Film eine ganz besondere \u00c4sthetik und Spannung, die durch eine gef\u00fchlvolle, den Situationen und Stimmungen folgende Musik vom Orchester der Kunstuniversit\u00e4t Graz verst\u00e4rkt wird. So f\u00e4ngt der Film in besonderem Ma\u00df die emotionale Seite der Rh\u00f6n ein und folgt ihr im Jahreskreislauf der Natur.<\/p>\n<p>Als das Land der offenen Fernen wird die Rh\u00f6n oft bezeichnet, und das ist sie wie kein anderes Mittelgebirge in Deutschland. Das Biosph\u00e4renreservat Rh\u00f6n im Dreil\u00e4ndereck Bayern, Hessen und Th\u00fcringen beheimatet Schwarzst\u00f6rche in urigen Buchenw\u00e4ldern, Kathedralen von Basaltfelsen, Moore und eiszeitliche Blockschutthalden, Uhus und Wiesenweihen, ebenso Borstgrasrasen und Bergwiesen mit Arnika und T\u00fcrkenbund, traditionelle M\u00e4hwiesen mit Wachtelk\u00f6nig und Birkhuhn und nicht zuletzt orchideenreiche Kalkmagerrasen voller Schmetterlinge und Rarit\u00e4ten wie der Berghexe.<\/p>\n<p>Seit Urzeiten ist dieses Gebirge besiedelt. Auf der Milseburg hatten bereits die Kelten eine tausend Einwohner gro\u00dfe Siedlung. Bis ins 10. Jahrhundert geh\u00f6rte die Rh\u00f6n zum Altgau Buchonia, dem Buchenland, das schon die R\u00f6mer kannten. Im Mittelalter zogen bedeutende Handelsstra\u00dfen \u00fcber die Rh\u00f6n, deren Hochfl\u00e4chen nun fast v\u00f6llig waldfrei waren. Damals entstand die Lange Rh\u00f6n, ein offener etwa drei\u00dfig Kilometer langer H\u00f6henzug mit Burgen und D\u00f6rfern, das Land der offenen Fernen. In keinem anderen Mittelgebirge hat man so weite Blicke wie in der Rh\u00f6n \u2013 ein uraltes Wiesen- und Weideland, einzigartig in Mitteleuropa.<\/p>\n<p>Auch geologisch ist die Rh\u00f6n ungew\u00f6hnlich und vielf\u00e4ltig. Ihr Zentrum, in Hessen und Bayern, beherrschen vulkanische Deckgesteine mit Basaltw\u00e4nden und Blockschutthalden. Unter einigen von ihnen verbergen sich bis heute eiszeitliche Gletscherlinsen und verstr\u00f6men eisige K\u00e4lte. Im S\u00fcden und Osten, auf bayerischer und th\u00fcringischer Seite, dominieren Meeresablagerungen aus Muschelkalk und Keuper. Den Grundsockel stellen Buntsandsteine. Kein anderes Mittelgebirge ist geologisch so bunt wie die Rh\u00f6n.<\/p>\n<p>Wegen ihrer einzigartigen Geschichte und Vielfalt ist die Rh\u00f6n seit 1992 UNESCO-Biosph\u00e4renreservat. Natur und Charakter der Rh\u00f6n liegen gerade in ihrer Vielfalt: eine einzigartige Reichhaltigkeit von Lebensr\u00e4umen und eine weit \u00fcberdurchschnittliche Menge an Tier- und Pflanzenarten. Ihre zentrale geografische Lage in Mitteleuropa und die aus wissenschaftlicher Sicht ideale Vernetzung von offenen und bewaldeten Lebensr\u00e4umen machen die Rh\u00f6n dar\u00fcber hinaus zu einem entscheidenden Knotenpunkt f\u00fcr wandernde Tierarten wie Wolf, Luchs und Wildkatze.<\/p>\n","protected":false},"excerpt":{"rendered":"<div class=\"tmnf_excerpt\"><p>Ganz im Zeichen der Rh\u00f6n steht der Abend des zweiten Weihnachtsfeiertags im hr-fernsehen. Am Montag, 26. Dezember, zeigt der hr zur besten Sendezeit um 20.15 Uhr \u201eDie Rh\u00f6n \u2013 Natursch\u00f6nheiten im Land der offenen Fernen\u201c. Der 90-min\u00fctige Film von Heribert Sch\u00f6ller folgt Landschaft und Lebensr\u00e4umen durch die Jahreszeiten, beobachtet seltene Tiere und Pflanzen und l\u00e4sst &hellip;<\/p>\n<\/div>","protected":false},"author":1,"featured_media":0,"comment_status":"closed","ping_status":"closed","sticky":false,"template":"","format":"standard","meta":{"footnotes":""},"categories":[1],"tags":[],"class_list":["post-158476","post","type-post","status-publish","format-standard","hentry","category-startseite"],"_links":{"self":[{"href":"https:\/\/www.fuldaernachrichten.de\/index.php?rest_route=\/wp\/v2\/posts\/158476","targetHints":{"allow":["GET"]}}],"collection":[{"href":"https:\/\/www.fuldaernachrichten.de\/index.php?rest_route=\/wp\/v2\/posts"}],"about":[{"href":"https:\/\/www.fuldaernachrichten.de\/index.php?rest_route=\/wp\/v2\/types\/post"}],"author":[{"embeddable":true,"href":"https:\/\/www.fuldaernachrichten.de\/index.php?rest_route=\/wp\/v2\/users\/1"}],"replies":[{"embeddable":true,"href":"https:\/\/www.fuldaernachrichten.de\/index.php?rest_route=%2Fwp%2Fv2%2Fcomments&post=158476"}],"version-history":[{"count":1,"href":"https:\/\/www.fuldaernachrichten.de\/index.php?rest_route=\/wp\/v2\/posts\/158476\/revisions"}],"predecessor-version":[{"id":158483,"href":"https:\/\/www.fuldaernachrichten.de\/index.php?rest_route=\/wp\/v2\/posts\/158476\/revisions\/158483"}],"wp:attachment":[{"href":"https:\/\/www.fuldaernachrichten.de\/index.php?rest_route=%2Fwp%2Fv2%2Fmedia&parent=158476"}],"wp:term":[{"taxonomy":"category","embeddable":true,"href":"https:\/\/www.fuldaernachrichten.de\/index.php?rest_route=%2Fwp%2Fv2%2Fcategories&post=158476"},{"taxonomy":"post_tag","embeddable":true,"href":"https:\/\/www.fuldaernachrichten.de\/index.php?rest_route=%2Fwp%2Fv2%2Ftags&post=158476"}],"curies":[{"name":"wp","href":"https:\/\/api.w.org\/{rel}","templated":true}]}}