{"id":158429,"date":"2016-12-20T12:07:55","date_gmt":"2016-12-20T11:07:55","guid":{"rendered":"http:\/\/www.fuldaer-nachrichten.de\/?p=158429"},"modified":"2016-12-20T12:07:55","modified_gmt":"2016-12-20T11:07:55","slug":"staatssekretaer-jo-dreiseitel-zu-gast-in-der-evangelischen-kindertagesstaette-oedelsheim","status":"publish","type":"post","link":"https:\/\/www.fuldaernachrichten.de\/?p=158429","title":{"rendered":"Staatssekret\u00e4r Jo Dreiseitel zu Gast in der Evangelischen Kindertagesst\u00e4tte Oedelsheim"},"content":{"rendered":"<p>Mit einer Vorlesestunde in der Evangelischen Kindertagesst\u00e4tte Oedelsheim machte der Bevollm\u00e4chtigte des Landes Hessen f\u00fcr Integration und Antidiskriminierung, Staatssekret\u00e4r Jo Dreiseitel, darauf aufmerksam, wie wichtig Vorlesen und Lesen f\u00fcr die Sprachkompetenz und damit f\u00fcr die gesamte Entwicklung von Kindern sind. \u201eVorlesen st\u00e4rkt das Sprachverm\u00f6gen, weckt Neugier auf Geschriebenes und ist dar\u00fcber hinaus wichtig f\u00fcr die emotionale Entwicklung. Mit kaum einer anderen T\u00e4tigkeit kann man Kinder so wirksam und umfassend f\u00f6rdern\u201c, erkl\u00e4rte Dreiseitel.<\/p>\n<p>Staatssekret\u00e4r Dreiseitel las den Kindern im Rahmen des bundesweiten Vorlesetags aus dem Buch \u201eDer schaurige Schusch\u201c von Sabine B\u00fcchner und Charlotte Habersach vor. Der bundesweite Vorlesetag ist eine Initiative der Stiftung Lesen, der Wochenzeitung \u201eDie Zeit\u201c und der Deutsche Bahn Stiftung. Die Mitglieder der Hessischen Landesregierung engagieren sich zum elften Mal in Folge mit eigenen Vorleseaktionen in insgesamt 23 Einrichtungen in ganz Hessen.<\/p>\n<p>\u201eKinder m\u00fcssen fr\u00fch auf das Abenteuer Lesen neugierig gemacht werden\u201c, sagte Staatssekret\u00e4r Jo Dreiseitel. \u201eVorlesen und Lesen sind wichtige Elemente, um Phantasie und Kreativit\u00e4t anzuregen sowie die Aufnahme komplexer Sachverhalte einzu\u00fcben und den Wortschatz der Kinder auszubauen.\u201c Kinder, denen h\u00e4ufig vorgelesen werde, k\u00f6nnten sich besser konzentrieren und ausdr\u00fccken. Beobachtungsgabe und Ged\u00e4chtnis w\u00fcrden geschult sowie Medienkompetenz vermittelt. \u201eLesen macht die Kindheit stark. Es f\u00fchrt zur Selbst\u00e4ndigkeit, st\u00e4rkt das eigene Urteilsverm\u00f6gen und begleitet junge Menschen auf dem Weg hin zum m\u00fcndigen B\u00fcrger\u00e2\u20ac\u009d, so Dreiseitel.<\/p>\n<p>Sprach- und Lesef\u00f6rderung sind zentrale Bestandteile im Bildungsauftrag der hessischen Kinderbetreuungseinrichtungen und Schulen. Sie stehen daher auch im Zentrum des hessischen Bildungs- und Erziehungsplans f\u00fcr Kinder von 0 bis 10 Jahren. \u201eDer Erwerb der Sprachkompetenz ist die wesentliche Schl\u00fcsselqualifikation und Voraussetzung f\u00fcr schulischen und beruflichen Erfolg\u201c, betonte der Staatssekret\u00e4r. Dabei gehe es vor allem um fr\u00fche kindliche Erfahrungen und Kompetenzen rund um Buch-, Erz\u00e4hl-, Reim- und Schriftkultur. Das Kind erwerbe Freude am Sprechen, am Dialog und lerne, sich sprachlich mitzuteilen und mit anderen auszutauschen.<\/p>\n","protected":false},"excerpt":{"rendered":"<div class=\"tmnf_excerpt\"><p>Mit einer Vorlesestunde in der Evangelischen Kindertagesst\u00e4tte Oedelsheim machte der Bevollm\u00e4chtigte des Landes Hessen f\u00fcr Integration und Antidiskriminierung, Staatssekret\u00e4r Jo Dreiseitel, darauf aufmerksam, wie wichtig Vorlesen und Lesen f\u00fcr die Sprachkompetenz und damit f\u00fcr die gesamte Entwicklung von Kindern sind. \u201eVorlesen st\u00e4rkt das Sprachverm\u00f6gen, weckt Neugier auf Geschriebenes und ist dar\u00fcber hinaus wichtig f\u00fcr die &hellip;<\/p>\n<\/div>","protected":false},"author":1,"featured_media":0,"comment_status":"closed","ping_status":"closed","sticky":false,"template":"","format":"standard","meta":{"footnotes":""},"categories":[1],"tags":[],"class_list":["post-158429","post","type-post","status-publish","format-standard","hentry","category-startseite"],"_links":{"self":[{"href":"https:\/\/www.fuldaernachrichten.de\/index.php?rest_route=\/wp\/v2\/posts\/158429","targetHints":{"allow":["GET"]}}],"collection":[{"href":"https:\/\/www.fuldaernachrichten.de\/index.php?rest_route=\/wp\/v2\/posts"}],"about":[{"href":"https:\/\/www.fuldaernachrichten.de\/index.php?rest_route=\/wp\/v2\/types\/post"}],"author":[{"embeddable":true,"href":"https:\/\/www.fuldaernachrichten.de\/index.php?rest_route=\/wp\/v2\/users\/1"}],"replies":[{"embeddable":true,"href":"https:\/\/www.fuldaernachrichten.de\/index.php?rest_route=%2Fwp%2Fv2%2Fcomments&post=158429"}],"version-history":[{"count":1,"href":"https:\/\/www.fuldaernachrichten.de\/index.php?rest_route=\/wp\/v2\/posts\/158429\/revisions"}],"predecessor-version":[{"id":158445,"href":"https:\/\/www.fuldaernachrichten.de\/index.php?rest_route=\/wp\/v2\/posts\/158429\/revisions\/158445"}],"wp:attachment":[{"href":"https:\/\/www.fuldaernachrichten.de\/index.php?rest_route=%2Fwp%2Fv2%2Fmedia&parent=158429"}],"wp:term":[{"taxonomy":"category","embeddable":true,"href":"https:\/\/www.fuldaernachrichten.de\/index.php?rest_route=%2Fwp%2Fv2%2Fcategories&post=158429"},{"taxonomy":"post_tag","embeddable":true,"href":"https:\/\/www.fuldaernachrichten.de\/index.php?rest_route=%2Fwp%2Fv2%2Ftags&post=158429"}],"curies":[{"name":"wp","href":"https:\/\/api.w.org\/{rel}","templated":true}]}}