{"id":158311,"date":"2016-12-16T20:06:34","date_gmt":"2016-12-16T19:06:34","guid":{"rendered":"http:\/\/www.fuldaer-nachrichten.de\/?p=158311"},"modified":"2016-12-16T20:06:34","modified_gmt":"2016-12-16T19:06:34","slug":"weihnachtsliedersingen-die-schoensten-lieder-nach-wunsch-zum-mitsingen-von-a-wie-alle-jahre-wieder-bis-z-wie-zu-bethlehem-geboren","status":"publish","type":"post","link":"https:\/\/www.fuldaernachrichten.de\/?p=158311","title":{"rendered":"Weihnachtsliedersingen &#8211; Die sch\u00f6nsten Lieder nach Wunsch zum Mitsingen &#8211; von A wie \u201eAlle Jahre wieder\u201c bis Z wie \u201eZu Bethlehem geboren\u201c"},"content":{"rendered":"<p>Sie geh\u00f6ren zu Weihnachten wie die Pl\u00e4tzchen, der Stollen, die Gans, der Baum, die Kerzen: Weihnachtslieder. Lieder, die unsere Herzen ber\u00fchren, alte und neue, fr\u00f6hliche und besinnliche; Lieder voller Erinnerungen; Lieder, die von Gottes Menschwerdung k\u00fcnden; Lieder, die wir gerne singen. Ohne sie fehlt etwas ganz Entscheidendes.<\/p>\n<p>Der Pastoralverbund St. Michael Hohe Rh\u00f6n und die evangelische Kirchengemeinde Hilders laden am Montag, 26. Dezember 2016 zu zwei Veranstaltungen ein, in denen Weihnachtslieder an der Krippe gesungen werden. Jeder darf sich seine Lieblingslieder w\u00fcnschen:<br \/>\n16 Uhr: Evangelische Kirche, Hilders<br \/>\n18 Uhr: Katholische Pfarrkirche St. Johannes der T\u00e4ufer, Simmershausen<\/p>\n<p>Pfarrer Bernd Hollatz, Pfarrer Carsten Noll und Gemeindereferentin Eva-Maria Baumgarten moderieren das Singen. Thomas N\u00fcdling musiziert an der Orgel.<\/p>\n<p>Der Eintritt ist frei!<\/p>\n","protected":false},"excerpt":{"rendered":"<div class=\"tmnf_excerpt\"><p>Sie geh\u00f6ren zu Weihnachten wie die Pl\u00e4tzchen, der Stollen, die Gans, der Baum, die Kerzen: Weihnachtslieder. Lieder, die unsere Herzen ber\u00fchren, alte und neue, fr\u00f6hliche und besinnliche; Lieder voller Erinnerungen; Lieder, die von Gottes Menschwerdung k\u00fcnden; Lieder, die wir gerne singen. Ohne sie fehlt etwas ganz Entscheidendes. Der Pastoralverbund St. Michael Hohe Rh\u00f6n und die &hellip;<\/p>\n<\/div>","protected":false},"author":1,"featured_media":0,"comment_status":"closed","ping_status":"closed","sticky":false,"template":"","format":"standard","meta":{"footnotes":""},"categories":[1],"tags":[],"class_list":["post-158311","post","type-post","status-publish","format-standard","hentry","category-startseite"],"_links":{"self":[{"href":"https:\/\/www.fuldaernachrichten.de\/index.php?rest_route=\/wp\/v2\/posts\/158311","targetHints":{"allow":["GET"]}}],"collection":[{"href":"https:\/\/www.fuldaernachrichten.de\/index.php?rest_route=\/wp\/v2\/posts"}],"about":[{"href":"https:\/\/www.fuldaernachrichten.de\/index.php?rest_route=\/wp\/v2\/types\/post"}],"author":[{"embeddable":true,"href":"https:\/\/www.fuldaernachrichten.de\/index.php?rest_route=\/wp\/v2\/users\/1"}],"replies":[{"embeddable":true,"href":"https:\/\/www.fuldaernachrichten.de\/index.php?rest_route=%2Fwp%2Fv2%2Fcomments&post=158311"}],"version-history":[{"count":1,"href":"https:\/\/www.fuldaernachrichten.de\/index.php?rest_route=\/wp\/v2\/posts\/158311\/revisions"}],"predecessor-version":[{"id":158317,"href":"https:\/\/www.fuldaernachrichten.de\/index.php?rest_route=\/wp\/v2\/posts\/158311\/revisions\/158317"}],"wp:attachment":[{"href":"https:\/\/www.fuldaernachrichten.de\/index.php?rest_route=%2Fwp%2Fv2%2Fmedia&parent=158311"}],"wp:term":[{"taxonomy":"category","embeddable":true,"href":"https:\/\/www.fuldaernachrichten.de\/index.php?rest_route=%2Fwp%2Fv2%2Fcategories&post=158311"},{"taxonomy":"post_tag","embeddable":true,"href":"https:\/\/www.fuldaernachrichten.de\/index.php?rest_route=%2Fwp%2Fv2%2Ftags&post=158311"}],"curies":[{"name":"wp","href":"https:\/\/api.w.org\/{rel}","templated":true}]}}