{"id":158290,"date":"2016-12-15T09:34:09","date_gmt":"2016-12-15T08:34:09","guid":{"rendered":"http:\/\/www.fuldaer-nachrichten.de\/?p=158290"},"modified":"2016-12-15T09:34:09","modified_gmt":"2016-12-15T08:34:09","slug":"weihnachtliche-feier-im-muettercafe-des-skf","status":"publish","type":"post","link":"https:\/\/www.fuldaernachrichten.de\/?p=158290","title":{"rendered":"Weihnachtliche Feier im M\u00fcttercaf\u00e9 des SkF"},"content":{"rendered":"<p>Mit einer weihnachtlichen Feier ist das M\u00fcttercaf\u00e9 des Sozialdienstes katholischer Frauen in Fulda im Jahr 2016 zu Ende gegangen. \u201eSeit Oktober 2015 bietet der SkF gefl\u00fcchteten Frauen und ihren Kindern einen w\u00f6chentlichen offenen Treff im Pfarrsaal der Innenstadtpfarrei an\u201c, betont Gabriele Wagner vom Vorstand des Sozialdienstes katholischer Frauen, die f\u00fcr das Angebot zusammen mit Alexandrina Prodan und Gudrun Franz verantwortlich ist. Jeden Mittwochvormittag sind seither Migrantinnen mit ihren Kindern zu dem Treffen gekommen, um in angenehmer Atmosph\u00e4re Themen rund um Alltag, Familie, Geburt und Kinder zu besprechen. \u201eHeute erkl\u00e4ren wir den Frauen und Kindern die deutschen Weihnachtsbr\u00e4uche und feiern dann mit ihnen\u201c, unterstreicht SkF-Vorstandsvorsitzende Ursula Schmitt, die gemeinsam mit dem Gesch\u00e4ftsf\u00fchrer des SkF, Ewald Vogel, und Stadtpfarrer Stefan Bu\u00df an der weihnachtlichen Feier teilnahm. Die Fl\u00fcchtlingsfrauen aus sechs Nationen hatten dazu selbstgemachte Speisen mitgebracht.<\/p>\n<p>\u201eDas M\u00fcttercaf\u00e9 hat sich nach unserer Einsch\u00e4tzung zu einer au\u00dfergew\u00f6hnlichen und \u00fcberaus erfolgreichen Einrichtung entwickelt\u201c, ist Vogel \u00fcberzeugt. \u201eDas Projekt wird durch die Mittel des bisch\u00f6flichen Fl\u00fcchtlingshilfefonds gef\u00f6rdert und \u00fcberhaupt erst erm\u00f6glicht.\u201c Gabriele Wagner stellt heraus, dass im M\u00fcttercaf\u00e9 auch ein Deutschkurs angeboten wird, um den Frauen die Sprachkompetenz f\u00fcr eine gelingende Integration zu vermitteln. \u201eDas Organisationsteam des M\u00fcttercaf\u00e9s besteht aus zwei hauptamtlichen Mitarbeiterinnen und zehn ehrenamtlich t\u00e4tigen Frauen, die beim SkF eine Ehrenamtsschulung durchlaufen haben und gut auf ihren Einsatz vorbereitet wurden.\u201c Die Ehrenamtlichen wirken beim Deutschunterricht mit und tragen Sorge f\u00fcr die Kinderbetreuung. Das Team wird zudem von Dolmetscherinnen unterst\u00fctzt.<\/p>\n<p>Ab Januar 2017 wird das M\u00fcttercaf\u00e9 in einer Kooperation mit der Familienbildungsst\u00e4tte Helene Weber weiterentwickelt, um noch bessere Integrationshilfen anbieten zu k\u00f6nnen. Dann gibt es zwei Termine, einen im Stadtpfarrsaal, den anderen in der Familienbildungsst\u00e4tte in Neuenberg.<\/p>\n","protected":false},"excerpt":{"rendered":"<div class=\"tmnf_excerpt\"><p>Mit einer weihnachtlichen Feier ist das M\u00fcttercaf\u00e9 des Sozialdienstes katholischer Frauen in Fulda im Jahr 2016 zu Ende gegangen. \u201eSeit Oktober 2015 bietet der SkF gefl\u00fcchteten Frauen und ihren Kindern einen w\u00f6chentlichen offenen Treff im Pfarrsaal der Innenstadtpfarrei an\u201c, betont Gabriele Wagner vom Vorstand des Sozialdienstes katholischer Frauen, die f\u00fcr das Angebot zusammen mit Alexandrina &hellip;<\/p>\n<\/div>","protected":false},"author":1,"featured_media":158295,"comment_status":"closed","ping_status":"closed","sticky":false,"template":"","format":"standard","meta":{"footnotes":""},"categories":[1],"tags":[],"class_list":["post-158290","post","type-post","status-publish","format-standard","has-post-thumbnail","hentry","category-startseite"],"_links":{"self":[{"href":"https:\/\/www.fuldaernachrichten.de\/index.php?rest_route=\/wp\/v2\/posts\/158290","targetHints":{"allow":["GET"]}}],"collection":[{"href":"https:\/\/www.fuldaernachrichten.de\/index.php?rest_route=\/wp\/v2\/posts"}],"about":[{"href":"https:\/\/www.fuldaernachrichten.de\/index.php?rest_route=\/wp\/v2\/types\/post"}],"author":[{"embeddable":true,"href":"https:\/\/www.fuldaernachrichten.de\/index.php?rest_route=\/wp\/v2\/users\/1"}],"replies":[{"embeddable":true,"href":"https:\/\/www.fuldaernachrichten.de\/index.php?rest_route=%2Fwp%2Fv2%2Fcomments&post=158290"}],"version-history":[{"count":1,"href":"https:\/\/www.fuldaernachrichten.de\/index.php?rest_route=\/wp\/v2\/posts\/158290\/revisions"}],"predecessor-version":[{"id":158300,"href":"https:\/\/www.fuldaernachrichten.de\/index.php?rest_route=\/wp\/v2\/posts\/158290\/revisions\/158300"}],"wp:featuredmedia":[{"embeddable":true,"href":"https:\/\/www.fuldaernachrichten.de\/index.php?rest_route=\/wp\/v2\/media\/158295"}],"wp:attachment":[{"href":"https:\/\/www.fuldaernachrichten.de\/index.php?rest_route=%2Fwp%2Fv2%2Fmedia&parent=158290"}],"wp:term":[{"taxonomy":"category","embeddable":true,"href":"https:\/\/www.fuldaernachrichten.de\/index.php?rest_route=%2Fwp%2Fv2%2Fcategories&post=158290"},{"taxonomy":"post_tag","embeddable":true,"href":"https:\/\/www.fuldaernachrichten.de\/index.php?rest_route=%2Fwp%2Fv2%2Ftags&post=158290"}],"curies":[{"name":"wp","href":"https:\/\/api.w.org\/{rel}","templated":true}]}}