{"id":158277,"date":"2016-12-15T09:29:37","date_gmt":"2016-12-15T08:29:37","guid":{"rendered":"http:\/\/www.fuldaer-nachrichten.de\/?p=158277"},"modified":"2016-12-15T09:29:37","modified_gmt":"2016-12-15T08:29:37","slug":"ab-2017-baut-die-telekom-auch-den-vogelsberg-aus","status":"publish","type":"post","link":"https:\/\/www.fuldaernachrichten.de\/?p=158277","title":{"rendered":"Ab 2017 baut die Telekom auch den Vogelsberg aus"},"content":{"rendered":"<p>G\u00f6rig nach der Gesellschafterversammlung: \u201eGuten Kompromiss gefunden.\u201c<\/p>\n<p>\u201eAuch der Vogelsberg wird durch die Telekom ausgebaut.\u201c Das ist die Kernbotschaft von bigo-Gesch\u00e4ftsf\u00fchrer Manfred G\u00f6rig, Landrat des Vogelsbergkreises, \u2013 nachdem sowohl im Wetteraukreis als auch im Vogelsbergkreis die regionalen Gesellschafterversammlungen getagt haben.<\/p>\n<p>Bundesregierung, Landesregierung, WI-Bank und nicht zuletzt die BIGO mit ihren 37 kommunalen Gesellschaftern aus zwei Landkreisen haben vor wenigen Tagen in einem Spitzengespr\u00e4ch in Wiesbaden nun die entscheidende Wende geschafft. Dar\u00fcber unterrichtete Landrat G\u00f6rig die beiden Gesellschafterversammlungen.<\/p>\n<p>Die Telekom wird ab 2017 sowohl den Wetteraukreis als auch den Vogelsbergkreis mit schnellem Internet versorgen. Dies berichtet der Vogelsberger Landrat und Gesch\u00e4ftsf\u00fchrer der bigo nach der Gesellschafterversammlung der Vogelsberger Breitbandgesellschaft in Lauterbach am Dienstag. \u201eEine frohe Weihnachtsbotschaft\u201c, \u201eMehr als erwartet\u201c, \u201eEin Super-Ergebnis\u201c \u2013 das waren Kommentare von B\u00fcrgermeisterinnen und B\u00fcrgermeistern in der Gesellschafterversammlung in Lauterbach. Einstimmig bef\u00fcrworteten die Gesellschafter den neuen Weg.<\/p>\n<p>\u201eDas ist eine wirklich gute Nachricht f\u00fcr alle Unternehmen und f\u00fcr alle B\u00fcrgerinnen und B\u00fcrger. Der Einsatz \u2013 auch jener der 37 Gesellschafter \u2013 hat sich klar gelohnt. Ohne die Bigo w\u00e4re der nun erzielte Kompromiss nicht m\u00f6glich gewesen\u201c, betont Landrat G\u00f6rig.<\/p>\n<p>Auf diese Weise sei zwar der Bau eines eigenen Kommunikationsnetzes hinf\u00e4llig geworden \u2013 man brauche aber auch kein neues Modell. Damit gebe es auch keine weiteren Zeitverluste. Landrat G\u00f6rig ist froh \u00fcber die deutlichen Impulse des Berliner Infrastrukturministeriums, die zu der nun gefundenen L\u00f6sung ma\u00dfgeblich beigetragen haben.<\/p>\n<p>Landrat G\u00f6rig hebt in seiner Pressemitteilung die Solidarit\u00e4t innerhalb der Gesellschafter aber auch zwischen Wetterau- und Vogelsbergkreis hervor.<\/p>\n<p>Die Deutsche Telekom will nun nicht nur den Wetteraukreis eigeninvestiv ausbauen, sondern sie macht auch dem Vogelsbergkreis ein entsprechendes Angebot. Landrat G\u00f6rig rechnet damit, dass die Telekom das gesamte Gebiet innerhalb von 24 Monaten ausbauen wird.<\/p>\n<p>Essentiell f\u00fcr den Ausbau ist die gesonderte Betrachtung f\u00fcr die Anbindung von Gewerbegebieten, Schulen und Rath\u00e4usern. Daf\u00fcr liegt der Bigo bereits ein F\u00f6rderbescheid des Bundes vor. Bei Bedarf werden Telekom und alle Beteiligten l\u00f6sungsorientiert zusammenarbeiten.<\/p>\n<p>Die Kommunen im Vogelsberg- und Wetteraukreis werden mit der Telekom bei ihrem Ausbauvorhaben kooperieren, zum Beispiel mit eigenen Infrastrukturen und weiteren Synergien beitragen.<\/p>\n<p>\u201eDamit hat, nach dem Wetteraukreis, nun auch der Vogelsbergkreis die Gewissheit\u201c, erkl\u00e4rt Frank Bothe, Leiter der f\u00fcr den Ausbau zust\u00e4ndigen Technik-Niederlassung der Telekom, \u201edass schnelle Internetanschl\u00fcsse verf\u00fcgbar sein werden. Die Telekom sichert mit ihren enormen Eigeninvestitionen die Zukunftsf\u00e4higkeit der beiden Landkreise. Am Beispiel Vogelsberg: Mit unserem Ausbauvorhaben werden wir im heutigen Ausschreibungsgebiet des Vogelsbergkreises eine Breitbandversorgung von 95 Prozent mit mindestens 30 Mbit\/s im Download und f\u00fcr 85 Prozent der Anschl\u00fcsse sogar mindestens 50 Mbit\/s im Download zur Verf\u00fcgung stellen.\u201c<\/p>\n<p>Die bigo GmbH bleibt \u2013 vor allem als Service-Unternehmen f\u00fcr die Kommunen \u2013 weiter bestehen.<\/p>\n","protected":false},"excerpt":{"rendered":"<div class=\"tmnf_excerpt\"><p>G\u00f6rig nach der Gesellschafterversammlung: \u201eGuten Kompromiss gefunden.\u201c \u201eAuch der Vogelsberg wird durch die Telekom ausgebaut.\u201c Das ist die Kernbotschaft von bigo-Gesch\u00e4ftsf\u00fchrer Manfred G\u00f6rig, Landrat des Vogelsbergkreises, \u2013 nachdem sowohl im Wetteraukreis als auch im Vogelsbergkreis die regionalen Gesellschafterversammlungen getagt haben. Bundesregierung, Landesregierung, WI-Bank und nicht zuletzt die BIGO mit ihren 37 kommunalen Gesellschaftern aus zwei &hellip;<\/p>\n<\/div>","protected":false},"author":1,"featured_media":0,"comment_status":"closed","ping_status":"closed","sticky":false,"template":"","format":"standard","meta":{"footnotes":""},"categories":[1],"tags":[],"class_list":["post-158277","post","type-post","status-publish","format-standard","hentry","category-startseite"],"_links":{"self":[{"href":"https:\/\/www.fuldaernachrichten.de\/index.php?rest_route=\/wp\/v2\/posts\/158277","targetHints":{"allow":["GET"]}}],"collection":[{"href":"https:\/\/www.fuldaernachrichten.de\/index.php?rest_route=\/wp\/v2\/posts"}],"about":[{"href":"https:\/\/www.fuldaernachrichten.de\/index.php?rest_route=\/wp\/v2\/types\/post"}],"author":[{"embeddable":true,"href":"https:\/\/www.fuldaernachrichten.de\/index.php?rest_route=\/wp\/v2\/users\/1"}],"replies":[{"embeddable":true,"href":"https:\/\/www.fuldaernachrichten.de\/index.php?rest_route=%2Fwp%2Fv2%2Fcomments&post=158277"}],"version-history":[{"count":1,"href":"https:\/\/www.fuldaernachrichten.de\/index.php?rest_route=\/wp\/v2\/posts\/158277\/revisions"}],"predecessor-version":[{"id":158281,"href":"https:\/\/www.fuldaernachrichten.de\/index.php?rest_route=\/wp\/v2\/posts\/158277\/revisions\/158281"}],"wp:attachment":[{"href":"https:\/\/www.fuldaernachrichten.de\/index.php?rest_route=%2Fwp%2Fv2%2Fmedia&parent=158277"}],"wp:term":[{"taxonomy":"category","embeddable":true,"href":"https:\/\/www.fuldaernachrichten.de\/index.php?rest_route=%2Fwp%2Fv2%2Fcategories&post=158277"},{"taxonomy":"post_tag","embeddable":true,"href":"https:\/\/www.fuldaernachrichten.de\/index.php?rest_route=%2Fwp%2Fv2%2Ftags&post=158277"}],"curies":[{"name":"wp","href":"https:\/\/api.w.org\/{rel}","templated":true}]}}