{"id":158251,"date":"2016-12-14T07:24:04","date_gmt":"2016-12-14T06:24:04","guid":{"rendered":"http:\/\/www.fuldaer-nachrichten.de\/?p=158251"},"modified":"2016-12-14T07:24:04","modified_gmt":"2016-12-14T06:24:04","slug":"mitarbeiterinnen-und-mitarbeiter-der-kreisverwaltung-fuer-40-und-25-dienstjahre-geehrt","status":"publish","type":"post","link":"https:\/\/www.fuldaernachrichten.de\/?p=158251","title":{"rendered":"Mitarbeiterinnen und Mitarbeiter der Kreisverwaltung f\u00fcr 40 und 25 Dienstjahre geehrt"},"content":{"rendered":"<p>Bei der Kreisverwaltung stimme die Mischung zwischen erfahrenen und jungen Kr\u00e4ften. Das sei auch ein wesentlicher Grund f\u00fcr die hohe Zufriedenheit in der Bev\u00f6lkerung mit der geleisteten Arbeit. Diese Auffassung vertrat Landrat Bernd Woide bei der Ehrung von Mitarbeiterinnen und Mitarbeitern, die seit 40 beziehungsweise 25 Jahre bei der Kreisverwaltung besch\u00e4ftigt sind.<\/p>\n<p>Landrat Woide verband die Gl\u00fcckw\u00fcnsche und den Dank des Landkreises Fulda mit der Hoffnung, dass in den bisherigen Dienstjahren der Jubilare das Positive stets \u00fcberwogen habe. Er freue sich auf eine weiterhin gute Zusammenarbeit. Personalratsvorsitzender Marco Hillenbrand unterstrich, dass langj\u00e4hrige Mitarbeiterinnen und Mitarbeiter eine Win-Win-Situation f\u00fcr alle Beteiligten seien und insbesondere das gute Arbeitsklima innerhalb der Kreisverwaltung sicherstellten. <\/p>\n<p>F\u00fcr 40 Dienstjahre wurden geehrt: Mechthild Block, Gerlinde Heil, Christoph Noll (alle Kreis-jobcenter), Michael Friedrich (Volkshochschule), R\u00fcdiger Seifert (Schulen) und Mechthild Heyl (St. Lioba). Eine Ehrung f\u00fcr 25 Dienstjahre erhielten: Hannelore Auth (Betreuungsstel-le), Tanja Hohmann, Monika Kircher, Frank M\u00f6ller, J\u00fcrgen Schlag (alle Kreisjobcenter), Si-mone Vey (Personal und Organisation), Paula Jacob (Bauen und Wohnen), Tamara G\u00e4rtner (St. Lioba) sowie Christine Balzer (Bodelschwingh-Schule Gro\u00dfenl\u00fcder). <\/p>\n","protected":false},"excerpt":{"rendered":"<div class=\"tmnf_excerpt\"><p>Bei der Kreisverwaltung stimme die Mischung zwischen erfahrenen und jungen Kr\u00e4ften. Das sei auch ein wesentlicher Grund f\u00fcr die hohe Zufriedenheit in der Bev\u00f6lkerung mit der geleisteten Arbeit. Diese Auffassung vertrat Landrat Bernd Woide bei der Ehrung von Mitarbeiterinnen und Mitarbeitern, die seit 40 beziehungsweise 25 Jahre bei der Kreisverwaltung besch\u00e4ftigt sind. Landrat Woide verband &hellip;<\/p>\n<\/div>","protected":false},"author":1,"featured_media":158258,"comment_status":"closed","ping_status":"closed","sticky":false,"template":"","format":"standard","meta":{"footnotes":""},"categories":[1],"tags":[],"class_list":["post-158251","post","type-post","status-publish","format-standard","has-post-thumbnail","hentry","category-startseite"],"_links":{"self":[{"href":"https:\/\/www.fuldaernachrichten.de\/index.php?rest_route=\/wp\/v2\/posts\/158251","targetHints":{"allow":["GET"]}}],"collection":[{"href":"https:\/\/www.fuldaernachrichten.de\/index.php?rest_route=\/wp\/v2\/posts"}],"about":[{"href":"https:\/\/www.fuldaernachrichten.de\/index.php?rest_route=\/wp\/v2\/types\/post"}],"author":[{"embeddable":true,"href":"https:\/\/www.fuldaernachrichten.de\/index.php?rest_route=\/wp\/v2\/users\/1"}],"replies":[{"embeddable":true,"href":"https:\/\/www.fuldaernachrichten.de\/index.php?rest_route=%2Fwp%2Fv2%2Fcomments&post=158251"}],"version-history":[{"count":1,"href":"https:\/\/www.fuldaernachrichten.de\/index.php?rest_route=\/wp\/v2\/posts\/158251\/revisions"}],"predecessor-version":[{"id":158259,"href":"https:\/\/www.fuldaernachrichten.de\/index.php?rest_route=\/wp\/v2\/posts\/158251\/revisions\/158259"}],"wp:featuredmedia":[{"embeddable":true,"href":"https:\/\/www.fuldaernachrichten.de\/index.php?rest_route=\/wp\/v2\/media\/158258"}],"wp:attachment":[{"href":"https:\/\/www.fuldaernachrichten.de\/index.php?rest_route=%2Fwp%2Fv2%2Fmedia&parent=158251"}],"wp:term":[{"taxonomy":"category","embeddable":true,"href":"https:\/\/www.fuldaernachrichten.de\/index.php?rest_route=%2Fwp%2Fv2%2Fcategories&post=158251"},{"taxonomy":"post_tag","embeddable":true,"href":"https:\/\/www.fuldaernachrichten.de\/index.php?rest_route=%2Fwp%2Fv2%2Ftags&post=158251"}],"curies":[{"name":"wp","href":"https:\/\/api.w.org\/{rel}","templated":true}]}}