{"id":158230,"date":"2016-12-14T07:17:41","date_gmt":"2016-12-14T06:17:41","guid":{"rendered":"http:\/\/www.fuldaer-nachrichten.de\/?p=158230"},"modified":"2016-12-14T07:17:41","modified_gmt":"2016-12-14T06:17:41","slug":"sto-stiftung-ehrt-gewinner-im-bestenwettbewerb-2016","status":"publish","type":"post","link":"https:\/\/www.fuldaernachrichten.de\/?p=158230","title":{"rendered":"Sto-Stiftung ehrt Gewinner im Bestenwettbewerb 2016"},"content":{"rendered":"<p>Maler- und Lackiererbetriebe in Deutschland bilden derzeit 15.000 junge Menschen aus. Die Sto-Stiftung hat sich Ausbildungsf\u00f6rderung gro\u00df auf die Fahne geschrieben und unterst\u00fctzt wirtschaftlich und sozial f\u00f6rderw\u00fcrdige Jugendliche. Die Gewinner im Bestenwettbewerb \u201eDu hast es drauf \u2013 zeig\u00e2\u20ac\u2122s uns!\u201c k\u00f6nnen mit hochwertigem Werkzeug und Fachliteratur gut vorbereitet in die Gesellenpr\u00fcfung gehen. Besonderer Ansporn f\u00fcr gute Pr\u00fcfungsleistungen: ein iPad Air 2 f\u00fcr die besten jungen Gesellen und Gesellinnen.<\/p>\n<p>&nbsp;<\/p>\n<p>Eines der beliebten Tablets ging an Patrick R\u00f6der von der Ferdinand-Braun-Schule in Fulda. Mit 92,67 Punkten in der Gesellenpr\u00fcfung wurde er Bester der Maler- und Lackiererinnung Fulda-H\u00fcnfeld und platzierte sich unter den ersten Zehn im Wettbewerb der Sto-Stiftung.<\/p>\n<p>&nbsp;<\/p>\n<p>Gerade absolviert Patrick das erste Semester an der Fachschule f\u00fcr Farb- und Lacktechnik in Fulda mit Schwerpunkt Gestaltung und Denkmalpflege. Auf die Sto-Stiftung kann er dabei auch weiter z\u00e4hlen. Das Konzept der Bildungspyramide bietet noch einiges \u2013 die zweij\u00e4hrige Weiterbildung zum \u201estaatlich gepr\u00fcften Lacktechniker\u201c wird mit einem Stipendium f\u00fcr je einen Studierenden an mittlerweile sieben Fachschulen in Deutschland gef\u00f6rdert. Pro Semester werden die Stipendiaten mit jeweils 1.000 Euro unterst\u00fctzt.<\/p>\n","protected":false},"excerpt":{"rendered":"<div class=\"tmnf_excerpt\"><p>Maler- und Lackiererbetriebe in Deutschland bilden derzeit 15.000 junge Menschen aus. Die Sto-Stiftung hat sich Ausbildungsf\u00f6rderung gro\u00df auf die Fahne geschrieben und unterst\u00fctzt wirtschaftlich und sozial f\u00f6rderw\u00fcrdige Jugendliche. Die Gewinner im Bestenwettbewerb \u201eDu hast es drauf \u2013 zeig\u00e2\u20ac\u2122s uns!\u201c k\u00f6nnen mit hochwertigem Werkzeug und Fachliteratur gut vorbereitet in die Gesellenpr\u00fcfung gehen. Besonderer Ansporn f\u00fcr gute &hellip;<\/p>\n<\/div>","protected":false},"author":1,"featured_media":158237,"comment_status":"closed","ping_status":"closed","sticky":false,"template":"","format":"standard","meta":{"footnotes":""},"categories":[1],"tags":[],"class_list":["post-158230","post","type-post","status-publish","format-standard","has-post-thumbnail","hentry","category-startseite"],"_links":{"self":[{"href":"https:\/\/www.fuldaernachrichten.de\/index.php?rest_route=\/wp\/v2\/posts\/158230","targetHints":{"allow":["GET"]}}],"collection":[{"href":"https:\/\/www.fuldaernachrichten.de\/index.php?rest_route=\/wp\/v2\/posts"}],"about":[{"href":"https:\/\/www.fuldaernachrichten.de\/index.php?rest_route=\/wp\/v2\/types\/post"}],"author":[{"embeddable":true,"href":"https:\/\/www.fuldaernachrichten.de\/index.php?rest_route=\/wp\/v2\/users\/1"}],"replies":[{"embeddable":true,"href":"https:\/\/www.fuldaernachrichten.de\/index.php?rest_route=%2Fwp%2Fv2%2Fcomments&post=158230"}],"version-history":[{"count":1,"href":"https:\/\/www.fuldaernachrichten.de\/index.php?rest_route=\/wp\/v2\/posts\/158230\/revisions"}],"predecessor-version":[{"id":158238,"href":"https:\/\/www.fuldaernachrichten.de\/index.php?rest_route=\/wp\/v2\/posts\/158230\/revisions\/158238"}],"wp:featuredmedia":[{"embeddable":true,"href":"https:\/\/www.fuldaernachrichten.de\/index.php?rest_route=\/wp\/v2\/media\/158237"}],"wp:attachment":[{"href":"https:\/\/www.fuldaernachrichten.de\/index.php?rest_route=%2Fwp%2Fv2%2Fmedia&parent=158230"}],"wp:term":[{"taxonomy":"category","embeddable":true,"href":"https:\/\/www.fuldaernachrichten.de\/index.php?rest_route=%2Fwp%2Fv2%2Fcategories&post=158230"},{"taxonomy":"post_tag","embeddable":true,"href":"https:\/\/www.fuldaernachrichten.de\/index.php?rest_route=%2Fwp%2Fv2%2Ftags&post=158230"}],"curies":[{"name":"wp","href":"https:\/\/api.w.org\/{rel}","templated":true}]}}