{"id":158215,"date":"2016-12-14T07:15:32","date_gmt":"2016-12-14T06:15:32","guid":{"rendered":"http:\/\/www.fuldaer-nachrichten.de\/?p=158215"},"modified":"2016-12-14T07:15:32","modified_gmt":"2016-12-14T06:15:32","slug":"spitzenpolitiker-aus-stadt-und-landkreis-helfen-als-ehrenamtliches-standpersonal-beim-verkauf-der-caritas-auf-dem-weihnachtsmarkt-erloes-fuer-den-guten-zweck","status":"publish","type":"post","link":"https:\/\/www.fuldaernachrichten.de\/?p=158215","title":{"rendered":"Spitzenpolitiker aus Stadt und Landkreis helfen als ehrenamtliches Standpersonal beim Verkauf der Caritas auf dem Weihnachtsmarkt \u2013 Erl\u00f6s f\u00fcr den guten Zweck"},"content":{"rendered":"<p>Viel Politiker-Prominenz am Caritas-Weihnachtsmarktstand direkt an der Mauer der Stadtpfarrkirche: Mittags kam Oberb\u00fcrgermeister Dr. Heiko Wingenfeld, um den Verkauf an Werkstattprodukten wie zum Beispiel Holzwaren, Kunstpostkarten, verschiedenen Accessoires und Wollstrickwaren anzukurbeln. Gut gelaunt und gut in Form begann das Stadtoberhaupt gleich vor dem Stand, erste Strickwollstr\u00fcmpfe an den Kunden zu bringen. Sowohl Di\u00f6zesan-Caritasdirektor Dr. Markus Juch als auch Vorstandsmitglied Ansgar Erb, der den OB dann im Stand als Co-Verk\u00e4ufer unterst\u00fctze, waren vom Elan Heiko Wingenfelds im Caritas-Stand sehr angetan. Nachmittags dann kamen \u2013 gewisserma\u00dfen im Schichtwechsel \u2013 als neues  Verk\u00e4ufer-Team B\u00fcrgermeister Dag Wehner und der Erste Kreisbeigeordnete Frederik Schmitt, um mit Ansgar Erb den Verkauf am Caritas-Weihnachtsmarktstand weiter zu f\u00fchren. Als Waren gibt es dort u. a. auch dieses Jahr wieder Vogelh\u00e4user, Nistk\u00e4sten und Krippen, Schals, M\u00fctzen und Socken,  sowie Bienenwachskerzen und Honig von Imkern aus der Region. Auch die Caritas-Abrei\u00df- und Buchkalender f\u00fcr das Jahr 2017 werden nat\u00fcrlich am Stand zum Verkauf bereit gehalten. <\/p>\n<p>Etwa 90 Freiwillige tun in diesem Advent Dienst am Stand, damit dieser zu allen Markttagen bis zum 23. Dezember f\u00fcr die Kunden ge\u00f6ffnet und mit Waren gut best\u00fcckt ist. Zum ehrenamtlichen Team geh\u00f6ren Werkstattmitarbeiter und Betreuer, Familienangeh\u00f6rige, Caritas-Mitarbeiter aus anderen Arbeitsfeldern sowie Freunde und G\u00f6nner der Caritas wie eben auch viele Politiker aus Stadt und Landkreis Fulda. Der Erl\u00f6s der Verkaufsaktion kommt dem Freizeitclub zu Gute, der f\u00fcr die Menschen mit Behinderung in den Caritas-Werkst\u00e4tten ad\u00e4quate Freizeitangebote vorbereitet und durchf\u00fchrt. <\/p>\n","protected":false},"excerpt":{"rendered":"<div class=\"tmnf_excerpt\"><p>Viel Politiker-Prominenz am Caritas-Weihnachtsmarktstand direkt an der Mauer der Stadtpfarrkirche: Mittags kam Oberb\u00fcrgermeister Dr. Heiko Wingenfeld, um den Verkauf an Werkstattprodukten wie zum Beispiel Holzwaren, Kunstpostkarten, verschiedenen Accessoires und Wollstrickwaren anzukurbeln. Gut gelaunt und gut in Form begann das Stadtoberhaupt gleich vor dem Stand, erste Strickwollstr\u00fcmpfe an den Kunden zu bringen. Sowohl Di\u00f6zesan-Caritasdirektor Dr. Markus &hellip;<\/p>\n<\/div>","protected":false},"author":1,"featured_media":158233,"comment_status":"closed","ping_status":"closed","sticky":false,"template":"","format":"standard","meta":{"footnotes":""},"categories":[1],"tags":[],"class_list":["post-158215","post","type-post","status-publish","format-standard","has-post-thumbnail","hentry","category-startseite"],"_links":{"self":[{"href":"https:\/\/www.fuldaernachrichten.de\/index.php?rest_route=\/wp\/v2\/posts\/158215","targetHints":{"allow":["GET"]}}],"collection":[{"href":"https:\/\/www.fuldaernachrichten.de\/index.php?rest_route=\/wp\/v2\/posts"}],"about":[{"href":"https:\/\/www.fuldaernachrichten.de\/index.php?rest_route=\/wp\/v2\/types\/post"}],"author":[{"embeddable":true,"href":"https:\/\/www.fuldaernachrichten.de\/index.php?rest_route=\/wp\/v2\/users\/1"}],"replies":[{"embeddable":true,"href":"https:\/\/www.fuldaernachrichten.de\/index.php?rest_route=%2Fwp%2Fv2%2Fcomments&post=158215"}],"version-history":[{"count":1,"href":"https:\/\/www.fuldaernachrichten.de\/index.php?rest_route=\/wp\/v2\/posts\/158215\/revisions"}],"predecessor-version":[{"id":158234,"href":"https:\/\/www.fuldaernachrichten.de\/index.php?rest_route=\/wp\/v2\/posts\/158215\/revisions\/158234"}],"wp:featuredmedia":[{"embeddable":true,"href":"https:\/\/www.fuldaernachrichten.de\/index.php?rest_route=\/wp\/v2\/media\/158233"}],"wp:attachment":[{"href":"https:\/\/www.fuldaernachrichten.de\/index.php?rest_route=%2Fwp%2Fv2%2Fmedia&parent=158215"}],"wp:term":[{"taxonomy":"category","embeddable":true,"href":"https:\/\/www.fuldaernachrichten.de\/index.php?rest_route=%2Fwp%2Fv2%2Fcategories&post=158215"},{"taxonomy":"post_tag","embeddable":true,"href":"https:\/\/www.fuldaernachrichten.de\/index.php?rest_route=%2Fwp%2Fv2%2Ftags&post=158215"}],"curies":[{"name":"wp","href":"https:\/\/api.w.org\/{rel}","templated":true}]}}