{"id":158027,"date":"2016-12-08T08:43:39","date_gmt":"2016-12-08T07:43:39","guid":{"rendered":"http:\/\/www.fuldaer-nachrichten.de\/?p=158027"},"modified":"2016-12-08T08:43:39","modified_gmt":"2016-12-08T07:43:39","slug":"groma-geschaeftsfuehrer-hermann-schneider-nach-23-jahren-verabschiedet","status":"publish","type":"post","link":"https:\/\/www.fuldaernachrichten.de\/?p=158027","title":{"rendered":"Groma-Gesch\u00e4ftsf\u00fchrer Hermann Schneider nach 23 Jahren verabschiedet"},"content":{"rendered":"<p>Eine \u00c4ra geht zu Ende: Hermann Schneider, Gesch\u00e4ftsf\u00fchrer der Groma, wurde jetzt nach 23-j\u00e4hriger Betriebszugeh\u00f6rigkeit anl\u00e4sslich eines z\u00fcnftigen Festes in der Q-Alm in den Ruhestand verabschiedet. Mit von der Partie waren zahlreiche langj\u00e4hrige Weggef\u00e4hrten und Kooperationspartner, Gastronomen, Hoteliers und Mitarbeiter. <\/p>\n<p>Als langj\u00e4hriger Weggef\u00e4hrte dankte Wolfgang Wehner f\u00fcr das gro\u00dfe Engagement und lie\u00df zahlreiche Stationen aus \u00fcber zwei Jahrzehnten Zusammenarbeit Revue passieren. So sei der R\u00fcckzug aus den drei Niederlassungen in Th\u00fcringen ein wahrer \u201eKraftakt\u201c gewesen, den Hermann Schneider gemeistert habe, ohne \u201everbrannte Erde\u201c zu hinterlassen. Auch der stringente Auf- und Ausbau der H\u00e4user in Fulda, Bad Neustadt und Schweinfurt trage die Handschrift des Gesch\u00e4ftsf\u00fchrers. \u201eSie haben Strukturen ver\u00e4ndert, Potentiale ausgesch\u00f6pft, gleicherma\u00dfen Kundenn\u00e4he und Flexibilit\u00e4t gezeigt.\u201c Die Gro\u00dfkundenbetreuung und Neukunden-Akquise sei sukzessive immer st\u00e4rker und erfolgreich in den T\u00e4tigkeitsfokus ger\u00fcckt. Besonders erfreulich f\u00fcr Wolfgang Wehner: \u201eAls mein Sohn Oliver in die Unternehmensleitung eintrat, haben Sie reibungslos zusammengearbeitet, neue Impulse aufgenommen und umgesetzt.\u201c Wehner dankte in diesem Zusammenhang f\u00fcr die Loyalit\u00e4t gegen\u00fcber den Familien. Pflichtbewusst und offen, forsch oder verbindlich, emotional und gleicherma\u00dfen rational \u2013 so beschrieb Wehner abschlie\u00dfend die pers\u00f6nlichen Charaktereigenschaften seiner  langj\u00e4hrigen F\u00fchrungskraft. \u201eAll Ihre F\u00e4higkeiten haben Sie stets im Interesse des Unternehmens eingesetzt und insbesondere Ihre Mitarbeiter mit Herz und Verstand mit auf den Weg genommen.\u201c <\/p>\n<p>Ralf Lambert, Gesch\u00e4ftsf\u00fchrer der Intergast, dankte Hermann Schneider f\u00fcr die kooperative Zusammenarbeit. Als einen Vision\u00e4r mit unglaublichem Erfahrungsschatz habe er den Gesch\u00e4ftsf\u00fchrer im Intergast-Beirat kennengelernt, der einerseits traditionell agiere und dann wieder seiner Zeit voraus sei, der angepasst oder auch unbequem sein k\u00f6nne. Kurz, knapp und humorvoll brachte es Stefan Faulstich als Repr\u00e4sentant des K\u00f6chevereins Fulda auf den Punkt: \u201eDu warst immer f\u00fcr uns da, du wirst uns fehlen.\u201c Dankesworte kamen ebenfalls vom Vorsitzenden des Rh\u00f6ner Charme, Dieter Kehl, der nochmals die Verbundenheit Schneiders zur Region Rh\u00f6n herausstellte und auf das Engagement zum Aufbau des Rh\u00f6ner Charme verwies.     <\/p>\n<p>BU: Emotionale Verabschiedung in der Q-Alm: Oliver und Wolfgang Wehner mit Hermann Schneider, Kristin Wehner-Rundshagen und Dr. Eugen Wehner (v. l.).<\/p>\n","protected":false},"excerpt":{"rendered":"<div class=\"tmnf_excerpt\"><p>Eine \u00c4ra geht zu Ende: Hermann Schneider, Gesch\u00e4ftsf\u00fchrer der Groma, wurde jetzt nach 23-j\u00e4hriger Betriebszugeh\u00f6rigkeit anl\u00e4sslich eines z\u00fcnftigen Festes in der Q-Alm in den Ruhestand verabschiedet. Mit von der Partie waren zahlreiche langj\u00e4hrige Weggef\u00e4hrten und Kooperationspartner, Gastronomen, Hoteliers und Mitarbeiter. Als langj\u00e4hriger Weggef\u00e4hrte dankte Wolfgang Wehner f\u00fcr das gro\u00dfe Engagement und lie\u00df zahlreiche Stationen aus &hellip;<\/p>\n<\/div>","protected":false},"author":1,"featured_media":158033,"comment_status":"closed","ping_status":"closed","sticky":false,"template":"","format":"standard","meta":{"footnotes":""},"categories":[1],"tags":[],"class_list":["post-158027","post","type-post","status-publish","format-standard","has-post-thumbnail","hentry","category-startseite"],"_links":{"self":[{"href":"https:\/\/www.fuldaernachrichten.de\/index.php?rest_route=\/wp\/v2\/posts\/158027","targetHints":{"allow":["GET"]}}],"collection":[{"href":"https:\/\/www.fuldaernachrichten.de\/index.php?rest_route=\/wp\/v2\/posts"}],"about":[{"href":"https:\/\/www.fuldaernachrichten.de\/index.php?rest_route=\/wp\/v2\/types\/post"}],"author":[{"embeddable":true,"href":"https:\/\/www.fuldaernachrichten.de\/index.php?rest_route=\/wp\/v2\/users\/1"}],"replies":[{"embeddable":true,"href":"https:\/\/www.fuldaernachrichten.de\/index.php?rest_route=%2Fwp%2Fv2%2Fcomments&post=158027"}],"version-history":[{"count":1,"href":"https:\/\/www.fuldaernachrichten.de\/index.php?rest_route=\/wp\/v2\/posts\/158027\/revisions"}],"predecessor-version":[{"id":158034,"href":"https:\/\/www.fuldaernachrichten.de\/index.php?rest_route=\/wp\/v2\/posts\/158027\/revisions\/158034"}],"wp:featuredmedia":[{"embeddable":true,"href":"https:\/\/www.fuldaernachrichten.de\/index.php?rest_route=\/wp\/v2\/media\/158033"}],"wp:attachment":[{"href":"https:\/\/www.fuldaernachrichten.de\/index.php?rest_route=%2Fwp%2Fv2%2Fmedia&parent=158027"}],"wp:term":[{"taxonomy":"category","embeddable":true,"href":"https:\/\/www.fuldaernachrichten.de\/index.php?rest_route=%2Fwp%2Fv2%2Fcategories&post=158027"},{"taxonomy":"post_tag","embeddable":true,"href":"https:\/\/www.fuldaernachrichten.de\/index.php?rest_route=%2Fwp%2Fv2%2Ftags&post=158027"}],"curies":[{"name":"wp","href":"https:\/\/api.w.org\/{rel}","templated":true}]}}