{"id":157996,"date":"2016-12-07T10:23:27","date_gmt":"2016-12-07T09:23:27","guid":{"rendered":"http:\/\/www.fuldaer-nachrichten.de\/?p=157996"},"modified":"2016-12-07T10:23:27","modified_gmt":"2016-12-07T09:23:27","slug":"die-ronneburg-von-der-burg-zum-renaissance-schloss","status":"publish","type":"post","link":"https:\/\/www.fuldaernachrichten.de\/?p=157996","title":{"rendered":"Die Ronneburg &#8211; Von der Burg zum Renaissance-Schloss"},"content":{"rendered":"<p>Wie vollzog sich der \u00dcbergang der Ronneburg von einer Holzburg zu einem Schloss? Welche Personen sind mit diesem Ver\u00e4nderungsprozess verkn\u00fcpft? Auf welchen Wegen nahmen Ideen und Lebensstil der Renaissance Einfluss auf die Baut\u00e4tigkeiten auf der Burg? Wer hat die meisterlichen Steinmetzarbeiten angefertigt? Antworten auf diese Fragen gibt das neue Buch von Dr. Walter Nie\u00df zur Baugeschichte der Ronneburg.<\/p>\n<p>Seine Abhandlung beschreibt die Entwicklung einer keltischen Fliehburg zu einer Stra\u00dfenwachstation des Erzbistums Mainz an der Verbindungsstra\u00dfe mit Erfurt, schlie\u00dflich zu einer Vasallenburg und zu einem Renaissance-Schloss.<\/p>\n<p>Das Zeitalter der Renaissance auf der Ronneburg begann mit Graf Anton von Ysenburg-B\u00fcdingen-Ronneburg. Unter ihm und seinen S\u00f6hnen nahm auf der Burg die neue architektonische Zeitstr\u00f6mung Gestalt an. Von starker Bedeutung f\u00fcr die Umsetzung dieser Bauelemente waren dabei zwei Schwiegert\u00f6chter aus dem Elsa\u00df.<\/p>\n<p>Doch weder Anton noch S\u00f6hne und Schwiegert\u00f6chter mauerten selbst. Welche Steinmetzmeister waren mit der Ausf\u00fchrung betraut? Walter Nie\u00df stellt dem Leser die baulichen Vorbilder f\u00fcr die Umbauten und Erweiterung der Ronneburg vor. Beispielhaft wird dabei die Bedeutung des Kurmainzischen Schlosses H\u00f6chst am Main er\u00f6rtert.<\/p>\n<p>Die Einf\u00fchrung der Renaissance mit ihrer offenen und gro\u00dfz\u00fcgigen Bauweise fiel jedoch mit einer einschneidenden Abk\u00fchlungsphase in unseren Breitengraden zusammen. Die auf mediterranem Klima fu\u00dfende Renaissance f\u00fchrte damit zu Problemen, die bautechnisch schwer l\u00f6sbar waren. Darunter hatten die Bewohner zu leiden, deren Lebensstil an anschaulichen Belegen dokumentiert wird.<\/p>\n<p>Nicht nur die Kosten f\u00fcr die Bauma\u00dfnahmen werden aufgef\u00fchrt, auch die Kosten gr\u00e4flicher Lebensf\u00fchrung bei der Heirat des Grafen Heinrich mit Gr\u00e4fin Maria von Rappoltstein vermitteln uns ein plastisches Bild des adeligen Lebens.<\/p>\n<p>Ein stenographischer Lebenslauf von Graf Heinrich von Isenburg-Ronneburg verschafft zugleich Einblick in \u00fcbergreifende politische Zusammenh\u00e4nge und zeigt Ysenburger Geschichte als einen Teil deutscher Machtpolitik. Zum breiteren Verst\u00e4ndnis der Aktivit\u00e4ten auf der Ronneburg tr\u00e4gt die \u00dcbersicht \u00fcber die Generationsfolge der Grafen von Isenburg und des Aussterbens der Ronneburger Linie bei. Im letzten Kapitel behandelt Walter Nie\u00df diese Folgen und zeichnet akribisch den Verlauf eines Machtkonflikts zwischen den Familien nach.<\/p>\n<p>Softcover, 116 Seiten, 29 Abbildungen, 12,00 \u00e2\u201a\u00ac zuz. 2,00 \u00e2\u201a\u00ac Versand<br \/>\nISBN 978-3-939454-88-5   <\/p>\n","protected":false},"excerpt":{"rendered":"<div class=\"tmnf_excerpt\"><p>Wie vollzog sich der \u00dcbergang der Ronneburg von einer Holzburg zu einem Schloss? Welche Personen sind mit diesem Ver\u00e4nderungsprozess verkn\u00fcpft? Auf welchen Wegen nahmen Ideen und Lebensstil der Renaissance Einfluss auf die Baut\u00e4tigkeiten auf der Burg? Wer hat die meisterlichen Steinmetzarbeiten angefertigt? Antworten auf diese Fragen gibt das neue Buch von Dr. Walter Nie\u00df zur &hellip;<\/p>\n<\/div>","protected":false},"author":1,"featured_media":0,"comment_status":"closed","ping_status":"closed","sticky":false,"template":"","format":"standard","meta":{"footnotes":""},"categories":[1],"tags":[],"class_list":["post-157996","post","type-post","status-publish","format-standard","hentry","category-startseite"],"_links":{"self":[{"href":"https:\/\/www.fuldaernachrichten.de\/index.php?rest_route=\/wp\/v2\/posts\/157996","targetHints":{"allow":["GET"]}}],"collection":[{"href":"https:\/\/www.fuldaernachrichten.de\/index.php?rest_route=\/wp\/v2\/posts"}],"about":[{"href":"https:\/\/www.fuldaernachrichten.de\/index.php?rest_route=\/wp\/v2\/types\/post"}],"author":[{"embeddable":true,"href":"https:\/\/www.fuldaernachrichten.de\/index.php?rest_route=\/wp\/v2\/users\/1"}],"replies":[{"embeddable":true,"href":"https:\/\/www.fuldaernachrichten.de\/index.php?rest_route=%2Fwp%2Fv2%2Fcomments&post=157996"}],"version-history":[{"count":1,"href":"https:\/\/www.fuldaernachrichten.de\/index.php?rest_route=\/wp\/v2\/posts\/157996\/revisions"}],"predecessor-version":[{"id":158001,"href":"https:\/\/www.fuldaernachrichten.de\/index.php?rest_route=\/wp\/v2\/posts\/157996\/revisions\/158001"}],"wp:attachment":[{"href":"https:\/\/www.fuldaernachrichten.de\/index.php?rest_route=%2Fwp%2Fv2%2Fmedia&parent=157996"}],"wp:term":[{"taxonomy":"category","embeddable":true,"href":"https:\/\/www.fuldaernachrichten.de\/index.php?rest_route=%2Fwp%2Fv2%2Fcategories&post=157996"},{"taxonomy":"post_tag","embeddable":true,"href":"https:\/\/www.fuldaernachrichten.de\/index.php?rest_route=%2Fwp%2Fv2%2Ftags&post=157996"}],"curies":[{"name":"wp","href":"https:\/\/api.w.org\/{rel}","templated":true}]}}