{"id":157931,"date":"2016-12-06T11:05:35","date_gmt":"2016-12-06T10:05:35","guid":{"rendered":"http:\/\/www.fuldaer-nachrichten.de\/?p=157931"},"modified":"2016-12-06T11:05:35","modified_gmt":"2016-12-06T10:05:35","slug":"hendungen-leuchtet-in-der-weihnachtszeit","status":"publish","type":"post","link":"https:\/\/www.fuldaernachrichten.de\/?p=157931","title":{"rendered":"Hendungen leuchtet in der Weihnachtszeit"},"content":{"rendered":"<p>\u201eWeihnachtsleuchten\u201c \u00fcberschreibt die Gemeinde Hendungen ihr erstes gem\u00fctliches vorweihnachtliches Fest f\u00fcr alle auf dem Kirchplatz. Am Samstag, 17. Dezember erstrahlen die Lichter, es duftet nach Lebkuchen, Mandeln und Flammkuchen. <\/p>\n<p>Er\u00f6ffnet wird das \u201eWeihnachtsLeuchten\u201c am vierten Adventssamstag um 16.30 Uhr auf dem Kirchplatz zwischen Schule und Kirche. Die Musikkappelle Hendungen, der Gesangsverein und die Bandan Singers gestalten den musikalischen Rahmen. Auf der Speisekarte der Vereine stehen z.B. Wildbratw\u00fcrste, Spanferkel, gebrannte Mandeln, Lebkuchen und S\u00fc\u00dfwaren, sowie Pizza und Flammkuchen. Abwechslung gibt es auch bei den Getr\u00e4nken. Die Auswahl reicht von Feuerzangenbowle und Jagertee \u00fcber Punsch und Kaffee mit und ohne Schuss bis zum Kreuzbergbier und Spezialit\u00e4ten an der Bar.  <\/p>\n<p>Die Kolpingfamilie l\u00e4dt alle Interessierten zu einer Krippenausstellung in die Pfarrkirche ein. Zu bewundern sind private Krippen aus dem Ort, die so f\u00fcr jedermann\/frau zug\u00e4nglich werden. <\/p>\n<p>\u201eMit unserem Weihnachtsleuchten wollen wir den Gemeinschaftssinn in Hendungen weiter st\u00e4rken und unseren B\u00fcrgerinnen und B\u00fcrgern, aber auch allen G\u00e4sten, etwas Sch\u00f6nes anbieten. Qualit\u00e4t geht hier \u00fcber Quantit\u00e4t. Die \u00f6rtlichen Vereine sind dabei der Hauptakteur. Allen Beteiligten sei jetzt schon f\u00fcr das gro\u00dfartige Engagement gedankt!\u201c, erkl\u00e4rt B\u00fcrgermeister Florian Liening-Ewert die Idee des \u201eWeihnachtsleuchtens\u201c. Selbstverst\u00e4ndlich sind G\u00e4ste zu dem Beisammensein vor dem Start in die Festtage herzlich willkommen. Die festliche Veranstaltung soll Auftakt f\u00fcr eine neue Tradition der Gemeinde werden. <\/p>\n","protected":false},"excerpt":{"rendered":"<div class=\"tmnf_excerpt\"><p>\u201eWeihnachtsleuchten\u201c \u00fcberschreibt die Gemeinde Hendungen ihr erstes gem\u00fctliches vorweihnachtliches Fest f\u00fcr alle auf dem Kirchplatz. Am Samstag, 17. Dezember erstrahlen die Lichter, es duftet nach Lebkuchen, Mandeln und Flammkuchen. Er\u00f6ffnet wird das \u201eWeihnachtsLeuchten\u201c am vierten Adventssamstag um 16.30 Uhr auf dem Kirchplatz zwischen Schule und Kirche. Die Musikkappelle Hendungen, der Gesangsverein und die Bandan Singers &hellip;<\/p>\n<\/div>","protected":false},"author":1,"featured_media":0,"comment_status":"closed","ping_status":"closed","sticky":false,"template":"","format":"standard","meta":{"footnotes":""},"categories":[1],"tags":[],"class_list":["post-157931","post","type-post","status-publish","format-standard","hentry","category-startseite"],"_links":{"self":[{"href":"https:\/\/www.fuldaernachrichten.de\/index.php?rest_route=\/wp\/v2\/posts\/157931","targetHints":{"allow":["GET"]}}],"collection":[{"href":"https:\/\/www.fuldaernachrichten.de\/index.php?rest_route=\/wp\/v2\/posts"}],"about":[{"href":"https:\/\/www.fuldaernachrichten.de\/index.php?rest_route=\/wp\/v2\/types\/post"}],"author":[{"embeddable":true,"href":"https:\/\/www.fuldaernachrichten.de\/index.php?rest_route=\/wp\/v2\/users\/1"}],"replies":[{"embeddable":true,"href":"https:\/\/www.fuldaernachrichten.de\/index.php?rest_route=%2Fwp%2Fv2%2Fcomments&post=157931"}],"version-history":[{"count":1,"href":"https:\/\/www.fuldaernachrichten.de\/index.php?rest_route=\/wp\/v2\/posts\/157931\/revisions"}],"predecessor-version":[{"id":157943,"href":"https:\/\/www.fuldaernachrichten.de\/index.php?rest_route=\/wp\/v2\/posts\/157931\/revisions\/157943"}],"wp:attachment":[{"href":"https:\/\/www.fuldaernachrichten.de\/index.php?rest_route=%2Fwp%2Fv2%2Fmedia&parent=157931"}],"wp:term":[{"taxonomy":"category","embeddable":true,"href":"https:\/\/www.fuldaernachrichten.de\/index.php?rest_route=%2Fwp%2Fv2%2Fcategories&post=157931"},{"taxonomy":"post_tag","embeddable":true,"href":"https:\/\/www.fuldaernachrichten.de\/index.php?rest_route=%2Fwp%2Fv2%2Ftags&post=157931"}],"curies":[{"name":"wp","href":"https:\/\/api.w.org\/{rel}","templated":true}]}}