{"id":157898,"date":"2016-12-04T11:30:39","date_gmt":"2016-12-04T10:30:39","guid":{"rendered":"http:\/\/www.fuldaer-nachrichten.de\/?p=157898"},"modified":"2016-12-04T11:30:39","modified_gmt":"2016-12-04T10:30:39","slug":"preise-im-nahverkehr-des-landkreises-sinken","status":"publish","type":"post","link":"https:\/\/www.fuldaernachrichten.de\/?p=157898","title":{"rendered":"Preise im Nahverkehr des Landkreises sinken"},"content":{"rendered":"<p>Mit dem Tarifwechsel am 11. Dezember 2016 werden die Fahrpreise im \u00f6ffentlichen Personennahverkehr, insbesondere im Binnenverkehr der kreisangeh\u00f6rigen St\u00e4dte und Gemeinden, um bis zu 20 Prozent sinken. Dies ist das Ergebnis der Verhandlungen der Lokalen Nahverkehrsgesellschaft des Landkreises Fulda (LNG) mit dem f\u00fcr den Tarif im \u00d6PNV zust\u00e4ndigen Rhein-Mainz-Verkehrsverbund (RMV).<\/p>\n<p>So wechseln viele Stadt- und Ortsteile in der Relation zur Kernstadt\/Kerngemeinde von der Preisstufe 2 in die Preisstufe 1 beziehungsweise von der Preisstufe 3 in die Preisstufe 2. Damit sinkt der Preis zum Beispiel einer Tageskarte f\u00fcr beliebig h\u00e4ufige Fahrten an einem Tag von 4,90 Euro auf 3,90 Euro beziehungsweise 5,85Euro auf 5,05 Euro. Ziel der Aktion ist unter anderem die St\u00e4rkung der Binnennachfrage innerhalb der Gebietsk\u00f6rperschaften und damit eine bessere Auslastung des dort vorgehaltenen \u00d6PNV-Angebots. <\/p>\n<p>\u201eDie stetige lineare Anhebung der Fahrpreise im \u00f6ffentlichen Personennahverkehr durch den RMV trifft bei unseren Kunden immer h\u00e4ufiger auf Unverst\u00e4ndnis\u201c, stellt LNG- Gesch\u00e4ftsf\u00fchrer  Ulrich St\u00fcttgen fest. Was f\u00fcr den Ballungsraum und das dort vorgehaltene Nahverkehrsangebot als \u2013 im Sinne der Nutzer \u2013 vertr\u00e4glich angesehen werde, f\u00fchre in der Region auf Grund der Preish\u00f6he immer mehr dazu, dass sich Kunden ganz von dem ganz Nahverkehrsangebot abwenden w\u00fcrden. \u201eHier gilt es gegenzusteuern.\u201c<\/p>\n<p>Vorreiter f\u00fcr die Preissenkung war Hofbieber bei den Fahrten von und nach Fulda. Der Wechsel dort von der Preisstufe 4 in die Preisstufe 3 f\u00fchrte zu einem Nutzerzuwachs von \u00fcber 100 Prozent. \u201eDas Ergebnis hat uns geholfen, beim RMV diesen nun anstehenden Strukturwandel zu erreichen\u201c, so St\u00fcttgen, der hofft, dass die Ver\u00e4nderung \u00e4hnlich wie in Hofbieber eine bessere Nutzung des \u00d6PNV-Angebots zur Folge habe werde, wodurch Grundlagen f\u00fcr weitere Anpassungen im Tarifgef\u00fcge des Landkreises geschaffen w\u00fcrden. <\/p>\n<p>Wo sich welche Ver\u00e4nderungen ergeben, kann der beigef\u00fcgten Tabelle entnommen werden. Dort sind alle Stadt- und Ortsteile aufgef\u00fchrt, deren Preisrelation zum Stadt- \/Ortskern sinkt.<\/p>\n","protected":false},"excerpt":{"rendered":"<div class=\"tmnf_excerpt\"><p>Mit dem Tarifwechsel am 11. Dezember 2016 werden die Fahrpreise im \u00f6ffentlichen Personennahverkehr, insbesondere im Binnenverkehr der kreisangeh\u00f6rigen St\u00e4dte und Gemeinden, um bis zu 20 Prozent sinken. Dies ist das Ergebnis der Verhandlungen der Lokalen Nahverkehrsgesellschaft des Landkreises Fulda (LNG) mit dem f\u00fcr den Tarif im \u00d6PNV zust\u00e4ndigen Rhein-Mainz-Verkehrsverbund (RMV). So wechseln viele Stadt- und &hellip;<\/p>\n<\/div>","protected":false},"author":1,"featured_media":157912,"comment_status":"closed","ping_status":"closed","sticky":false,"template":"","format":"standard","meta":{"footnotes":""},"categories":[1],"tags":[],"class_list":["post-157898","post","type-post","status-publish","format-standard","has-post-thumbnail","hentry","category-startseite"],"_links":{"self":[{"href":"https:\/\/www.fuldaernachrichten.de\/index.php?rest_route=\/wp\/v2\/posts\/157898","targetHints":{"allow":["GET"]}}],"collection":[{"href":"https:\/\/www.fuldaernachrichten.de\/index.php?rest_route=\/wp\/v2\/posts"}],"about":[{"href":"https:\/\/www.fuldaernachrichten.de\/index.php?rest_route=\/wp\/v2\/types\/post"}],"author":[{"embeddable":true,"href":"https:\/\/www.fuldaernachrichten.de\/index.php?rest_route=\/wp\/v2\/users\/1"}],"replies":[{"embeddable":true,"href":"https:\/\/www.fuldaernachrichten.de\/index.php?rest_route=%2Fwp%2Fv2%2Fcomments&post=157898"}],"version-history":[{"count":1,"href":"https:\/\/www.fuldaernachrichten.de\/index.php?rest_route=\/wp\/v2\/posts\/157898\/revisions"}],"predecessor-version":[{"id":157913,"href":"https:\/\/www.fuldaernachrichten.de\/index.php?rest_route=\/wp\/v2\/posts\/157898\/revisions\/157913"}],"wp:featuredmedia":[{"embeddable":true,"href":"https:\/\/www.fuldaernachrichten.de\/index.php?rest_route=\/wp\/v2\/media\/157912"}],"wp:attachment":[{"href":"https:\/\/www.fuldaernachrichten.de\/index.php?rest_route=%2Fwp%2Fv2%2Fmedia&parent=157898"}],"wp:term":[{"taxonomy":"category","embeddable":true,"href":"https:\/\/www.fuldaernachrichten.de\/index.php?rest_route=%2Fwp%2Fv2%2Fcategories&post=157898"},{"taxonomy":"post_tag","embeddable":true,"href":"https:\/\/www.fuldaernachrichten.de\/index.php?rest_route=%2Fwp%2Fv2%2Ftags&post=157898"}],"curies":[{"name":"wp","href":"https:\/\/api.w.org\/{rel}","templated":true}]}}