{"id":157882,"date":"2016-12-04T11:28:50","date_gmt":"2016-12-04T10:28:50","guid":{"rendered":"http:\/\/www.fuldaer-nachrichten.de\/?p=157882"},"modified":"2016-12-04T11:28:50","modified_gmt":"2016-12-04T10:28:50","slug":"persoenliche-erklaerung-von-ute-riebold","status":"publish","type":"post","link":"https:\/\/www.fuldaernachrichten.de\/?p=157882","title":{"rendered":"Pers\u00f6nliche Erkl\u00e4rung von Ute Riebold"},"content":{"rendered":"<p>&#8220;Zu der am heutigen Samstag (3. Dezember 2016) getroffenen Entscheidung des Landesschiedsgerichts von B\u00dcNDNIS 90\/DIE GR\u00dcNEN Hessen erkl\u00e4re ich:<\/p>\n<p>Das Landesschiedsgericht hat dem Antrag, mich aus der Partei B\u00dcNDNIS 90\/DIE GR\u00dcNEN auszuschlie\u00dfen, stattgegeben. Begr\u00fcndet wurde, ich habe gegen die Ordnung der Partei versto\u00dfen und der Partei schweren Schaden zugef\u00fcgt.<\/p>\n<p>(Laut \u00c2\u00a7 10 Abs. 4 Parteiengesetz kann ein Mitglied nur ausgeschlossen werden, wenn es vors\u00e4tzlich gegen die Satzung oder erheblich gegen Grunds\u00e4tze oder Ordnung der Partei verst\u00f6\u00dft und ihr damit schweren Schaden zuf\u00fcgt. In meinem Fall liegt ein Versto\u00df gegen die Satzung nicht vor.)<\/p>\n<p>Herangezogen f\u00fcr die Entscheidung wurde die Rechtsprechung, nach der ein Fraktionswechsel als Versto\u00df gegen die Ordnung einer Partei angesehen wird. Juristisch ist mein Fall jedoch nicht vergleichbar. In Hessischen Kommunalparlamenten m\u00fcssen Fraktionen nicht wie im Bundestag und in 10 der 16 Bundesl\u00e4ndern aus Mitgliedern der gleichen Partei bestehen. Die Hessische Gemeindeordnung (HGO) schr\u00e4nkt Mandatstr\u00e4ger*innen hier gar nicht ein (Gemeindevertreter k\u00f6nnen sich zu einer Fraktion zusammenschlie\u00dfen. \u00c2\u00a7 36a Abs. 1 S. 1).<\/p>\n<p>Zudem ist die innere Ordnung der GR\u00dcNE-Partei \u2013 zumindest auf dem Papier \u2013 eine andere. So wird beispielsweise den Mitgliedern anderer Parteien die Mitarbeit erm\u00f6glicht (\u00c2\u00a7 7 Bundessatzung). Auch von daher mutet es seltsam an, dass andererseits ein Mitglied, das sich ausdr\u00fccklich zu den gr\u00fcnen Prinzipien bekennt und keiner anderen Partei angeh\u00f6rt, ausgeschlossen wird.<\/p>\n<p>Doch das ist nicht der eigentliche Grund, warum ich den &#8216;Vermittlungsvorschlag&#8217; des Landesschiedsgerichtsvorsitzenden, selber aus der Partei auszutreten, nicht angenommen habe.<\/p>\n<p>Gegen die Entscheidung des Landesschiedsgerichts werde ich Rechtsmittel einlegen, weil die Partei B\u00dcNDNIS 90\/DIE GR\u00dcNEN meine politische Heimat ist \u2013 nicht nur der Inhalte wegen. \u00e2\u20ac\u02dcHeimatstiftend\u00e2\u20ac\u2122 ist auch oder sogar vielmehr noch der politische Entwicklungs- und Sozialisationsprozess, den ich einerseits mitgetragen habe, von dem ich andererseits aber auch mitgepr\u00e4gt wurde, wechselwirkend also.<\/p>\n<p>Ich m\u00f6chte weiter Verantwortung daf\u00fcr \u00fcbernehmen, unsere Lebensgrundlagen zu erhalten und allen ein menschenw\u00fcrdiges Dasein in einem friedlichen Umfeld zu erm\u00f6glichen. In diese Richtung die Teilhabe der GR\u00dcNEN an der politischen Willensbildung zu st\u00e4rken ist mir ein weiteres Anliegen.&#8221;<\/p>\n","protected":false},"excerpt":{"rendered":"<div class=\"tmnf_excerpt\"><p>&#8220;Zu der am heutigen Samstag (3. Dezember 2016) getroffenen Entscheidung des Landesschiedsgerichts von B\u00dcNDNIS 90\/DIE GR\u00dcNEN Hessen erkl\u00e4re ich: Das Landesschiedsgericht hat dem Antrag, mich aus der Partei B\u00dcNDNIS 90\/DIE GR\u00dcNEN auszuschlie\u00dfen, stattgegeben. Begr\u00fcndet wurde, ich habe gegen die Ordnung der Partei versto\u00dfen und der Partei schweren Schaden zugef\u00fcgt. (Laut \u00c2\u00a7 10 Abs. 4 Parteiengesetz &hellip;<\/p>\n<\/div>","protected":false},"author":1,"featured_media":0,"comment_status":"closed","ping_status":"closed","sticky":false,"template":"","format":"standard","meta":{"footnotes":""},"categories":[1],"tags":[],"class_list":["post-157882","post","type-post","status-publish","format-standard","hentry","category-startseite"],"_links":{"self":[{"href":"https:\/\/www.fuldaernachrichten.de\/index.php?rest_route=\/wp\/v2\/posts\/157882","targetHints":{"allow":["GET"]}}],"collection":[{"href":"https:\/\/www.fuldaernachrichten.de\/index.php?rest_route=\/wp\/v2\/posts"}],"about":[{"href":"https:\/\/www.fuldaernachrichten.de\/index.php?rest_route=\/wp\/v2\/types\/post"}],"author":[{"embeddable":true,"href":"https:\/\/www.fuldaernachrichten.de\/index.php?rest_route=\/wp\/v2\/users\/1"}],"replies":[{"embeddable":true,"href":"https:\/\/www.fuldaernachrichten.de\/index.php?rest_route=%2Fwp%2Fv2%2Fcomments&post=157882"}],"version-history":[{"count":1,"href":"https:\/\/www.fuldaernachrichten.de\/index.php?rest_route=\/wp\/v2\/posts\/157882\/revisions"}],"predecessor-version":[{"id":157890,"href":"https:\/\/www.fuldaernachrichten.de\/index.php?rest_route=\/wp\/v2\/posts\/157882\/revisions\/157890"}],"wp:attachment":[{"href":"https:\/\/www.fuldaernachrichten.de\/index.php?rest_route=%2Fwp%2Fv2%2Fmedia&parent=157882"}],"wp:term":[{"taxonomy":"category","embeddable":true,"href":"https:\/\/www.fuldaernachrichten.de\/index.php?rest_route=%2Fwp%2Fv2%2Fcategories&post=157882"},{"taxonomy":"post_tag","embeddable":true,"href":"https:\/\/www.fuldaernachrichten.de\/index.php?rest_route=%2Fwp%2Fv2%2Ftags&post=157882"}],"curies":[{"name":"wp","href":"https:\/\/api.w.org\/{rel}","templated":true}]}}