{"id":157872,"date":"2016-12-04T11:25:58","date_gmt":"2016-12-04T10:25:58","guid":{"rendered":"http:\/\/www.fuldaer-nachrichten.de\/?p=157872"},"modified":"2016-12-04T11:25:58","modified_gmt":"2016-12-04T10:25:58","slug":"su%cc%88dwest-gemeinden-setzen-weg-der-interkommunalen-zusammenarbeit-fort","status":"publish","type":"post","link":"https:\/\/www.fuldaernachrichten.de\/?p=157872","title":{"rendered":"Su\u00cc\u02c6dwest-Gemeinden setzen Weg der interkommunalen Zusammenarbeit fort"},"content":{"rendered":"<p><a href=\"http:\/\/www.fuldaer-nachrichten.de\/wp-content\/uploads\/2016\/12\/Bgm-Henkel-Bgm-Malolepszy-Bgm-K\u00fcbel-Claus-Spandau.jpg\"><img fetchpriority=\"high\" decoding=\"async\" src=\"http:\/\/www.fuldaer-nachrichten.de\/wp-content\/uploads\/2016\/12\/Bgm-Henkel-Bgm-Malolepszy-Bgm-K\u00fcbel-Claus-Spandau-265x199.jpg\" alt=\"bgm-henkel-bgm-malolepszy-bgm-kuebel-claus-spandau\" width=\"265\" height=\"199\" class=\"alignleft size-thumbnail wp-image-157878\" \/><\/a>Die Gemeinden Bad Salzschlirf, Flieden, Gro\u00dfenlu\u00cc\u02c6der und Hosenfeld haben fu\u00cc\u02c6r ihre Kommunalpolitiker einen weiteren Schritt in Richtung interkommunaler Zusammenar-beit unternommen und sich in einem gemeinsamen Informationsabend in Hosenfeld zum vom Kompetenzzentrum Wiesbaden beraten lassen.<br \/>\nIn Fortsetzung der Grundsatzbeschlu\u00cc\u02c6sse im September haben die Bu\u00cc\u02c6rgermeister Matthias Ku\u00cc\u02c6bel (Bad Salzschlirf), Christian Henkel (Flieden) und Peter Malolepszy (Hosenfeld) sowie Werner Diet-rich zwischenzeitlich in der Arbeitsgruppe der Personalsachbearbeiter intensiv mitarbeitenden Ge-meinde Gro\u00dfenlu\u00cc\u02c6der die Mitglieder ihrer Gemeindevertretung und ihres Gemeindevorstands einge-laden, um sich ausfu\u00cc\u02c6hrlich u\u00cc\u02c6ber die M\u00f6glichkeiten und Formen einer Zusammenarbeit zu informie-ren.<br \/>\nDer Hausherr des neuen Hosenfelder Bu\u00cc\u02c6rgerhauses, Bu\u00cc\u02c6rgermeister Peter Malolepszy, begru\u00cc\u02c6\u00dfte die rund 40 Mandatstr\u00e4ger und Mitarbeiter der Gemeinden und fu\u00cc\u02c6hrte ins Thema ein.<\/p>\n<p>Gastredner Claus Spandau, Gesch\u00e4ftsfu\u00cc\u02c6hrer des vom Land Hessen eingerichteten Kompetenz-zentrums fu\u00cc\u02c6r interkommunale Zusammenarbeit (KIKZ) aus Wiesbaden und fru\u00cc\u02c6her selbst Bu\u00cc\u02c6rger-meister im hessischen Laubach berichtete u\u00cc\u02c6ber die Organisationsformen von \u00f6ffentlich-rechtlicher Vereinbarung u\u00cc\u02c6ber Gemeindeverwaltungsverband bis zur Fusion. \u201eVersuchen Sie zun\u00e4chst, sich u\u00cc\u02c6ber die \u00f6ffentlich-rechtliche Vereinbarung n\u00e4her zu kommen und zu pru\u00cc\u02c6fen, ob es funktioniert\u201c riet Spandau den anwesenden Mandatstr\u00e4gern. Auch wenn die in Aussicht gestellte Landesf\u00f6rderung dafu\u00cc\u02c6r den weitaus gr\u00f6\u00dften Umfang erreichen wu\u00cc\u02c6rde, riet er davon ab, gleich mit der Fusion begin-nen zu wollen. \u201eDenn dann mu\u00cc\u02c6ssen Sie alles Bisherige aufgeben: ihren Gemeindenamen, ihre Grenzen, ihr Wappen &#8211; und es gibt auch nur noch eine Gemeindevertretung und einen Bu\u00cc\u02c6rger-meister. Diese Hu\u00cc\u02c6rde du\u00cc\u02c6rfte fu\u00cc\u02c6r Ihre Gemeinden momentan zu hoch sein!\u201c schloss Spandau seine sehr informative Pr\u00e4sentation ab.<br \/>\nFliedens Bu\u00cc\u02c6rgermeister Henkel erl\u00e4uterte anschlie\u00dfend Entwicklung und Stand der Zusammenar-beit bei den Su\u00cc\u02c6dwestkommunen. Bei den Anfangsgespr\u00e4chen waren neben den aktuellen Ge-meinden auch noch Freiensteinau, Kalbach, Neuhof und Wartenberg mit im Boot, die sich momen-tan jedoch in Warteposition gestellt haben. So waren auch Vertreter aus Kalbach und Freienstein-au im Saal anwesend. \u201eNach ersten losen Gespr\u00e4chen zwischen den Bu\u00cc\u02c6rgermeistern Anfang 2015 wuchs schnell das Interesse an einer ku\u00cc\u02c6nftigen Zusammenarbeit. Um mehr Informationen zu be-kommen, holten wir uns unter anderem bei erfolgreich laufenden IKZ-Gemeinden im Rheingau Details zur praktischen Umsetzung ein\u201c berichtete Henkel. Diese Details, weitere Abstimmungen und Pru\u00cc\u02c6fungen der Gemeinden fu\u00cc\u02c6hrten schlie\u00dflich zu den Grundsatzbeschlu\u00cc\u02c6ssen in Bad Salz-schlirf, Flieden und Hosenfeld. Als Ziel wurde eine entscheidungsreife Vorlage an die Gemeinde-vertretungen bis Mitte 2017 ausgegeben. Mit der Bildung einer Steuerungsgruppe, die aus den Bu\u00cc\u02c6rgermeistern der drei Kommunen besetzt ist, und einer Projektgruppe mit Mitarbeitern der Ver-waltungen, in der auch Gro\u00dfenlu\u00cc\u02c6der vertreten ist, wurde die Detailarbeit im Oktober aufgenommen.<\/p>\n<p>In der anschlie\u00dfenden Frage- und Diskussionsrunde holte Bu\u00cc\u02c6rgermeister Matthias Ku\u00cc\u02c6bel (Bad Salzschlirf) Meinungen und Fragen aus der Runde ein, um diese an den IKZ-erfahrenen Spandau weiterzugeben oder durch die Bu\u00cc\u02c6rgermeister zu beantworten. \u201eEs waren vor allem Fragen zur praktischen Umsetzung einer IKZ oder auch positive Hinweise und Verst\u00e4ndnisfragen\u201c fasste Ku\u00cc\u02c6-bel zusammen.<\/p>\n<p>In einem Schlusswort forderte Malolepszy die anwesenden Kommunalpolitiker auf, die positive Entwicklung zu unterstu\u00cc\u02c6tzen, um im n\u00e4chsten Jahr erfolgreich zum Start des gemeinsamen IKZ-Projekts zu gelangen. \u201eWir wu\u00cc\u02c6rden uns alle freuen, wenn auch Gro\u00dfenlu\u00cc\u02c6der die konstruktive Mitar-beit der Verwaltung in der Arbeitsgruppe weiter fortsetzt\u201c, schloss Malolepszy den Abend.<\/p>\n<p>\u201eDie gute Stimmung und der Wille fu\u00cc\u02c6r eine Zusammenarbeit der Vertreter aller vier Kommunen war f\u00f6rmlich zu spu\u00cc\u02c6ren \u2013 wir sehen uns wieder\u201c ermutigte Claus Spandau die drei Rathauschefs schlie\u00dflich noch vor seiner Heimreise.<\/p>\n","protected":false},"excerpt":{"rendered":"<div class=\"tmnf_excerpt\"><p>Die Gemeinden Bad Salzschlirf, Flieden, Gro\u00dfenlu\u00cc\u02c6der und Hosenfeld haben fu\u00cc\u02c6r ihre Kommunalpolitiker einen weiteren Schritt in Richtung interkommunaler Zusammenar-beit unternommen und sich in einem gemeinsamen Informationsabend in Hosenfeld zum vom Kompetenzzentrum Wiesbaden beraten lassen. In Fortsetzung der Grundsatzbeschlu\u00cc\u02c6sse im September haben die Bu\u00cc\u02c6rgermeister Matthias Ku\u00cc\u02c6bel (Bad Salzschlirf), Christian Henkel (Flieden) und Peter Malolepszy (Hosenfeld) sowie &hellip;<\/p>\n<\/div>","protected":false},"author":1,"featured_media":157877,"comment_status":"closed","ping_status":"closed","sticky":false,"template":"","format":"standard","meta":{"footnotes":""},"categories":[1],"tags":[],"class_list":["post-157872","post","type-post","status-publish","format-standard","has-post-thumbnail","hentry","category-startseite"],"_links":{"self":[{"href":"https:\/\/www.fuldaernachrichten.de\/index.php?rest_route=\/wp\/v2\/posts\/157872","targetHints":{"allow":["GET"]}}],"collection":[{"href":"https:\/\/www.fuldaernachrichten.de\/index.php?rest_route=\/wp\/v2\/posts"}],"about":[{"href":"https:\/\/www.fuldaernachrichten.de\/index.php?rest_route=\/wp\/v2\/types\/post"}],"author":[{"embeddable":true,"href":"https:\/\/www.fuldaernachrichten.de\/index.php?rest_route=\/wp\/v2\/users\/1"}],"replies":[{"embeddable":true,"href":"https:\/\/www.fuldaernachrichten.de\/index.php?rest_route=%2Fwp%2Fv2%2Fcomments&post=157872"}],"version-history":[{"count":1,"href":"https:\/\/www.fuldaernachrichten.de\/index.php?rest_route=\/wp\/v2\/posts\/157872\/revisions"}],"predecessor-version":[{"id":157879,"href":"https:\/\/www.fuldaernachrichten.de\/index.php?rest_route=\/wp\/v2\/posts\/157872\/revisions\/157879"}],"wp:featuredmedia":[{"embeddable":true,"href":"https:\/\/www.fuldaernachrichten.de\/index.php?rest_route=\/wp\/v2\/media\/157877"}],"wp:attachment":[{"href":"https:\/\/www.fuldaernachrichten.de\/index.php?rest_route=%2Fwp%2Fv2%2Fmedia&parent=157872"}],"wp:term":[{"taxonomy":"category","embeddable":true,"href":"https:\/\/www.fuldaernachrichten.de\/index.php?rest_route=%2Fwp%2Fv2%2Fcategories&post=157872"},{"taxonomy":"post_tag","embeddable":true,"href":"https:\/\/www.fuldaernachrichten.de\/index.php?rest_route=%2Fwp%2Fv2%2Ftags&post=157872"}],"curies":[{"name":"wp","href":"https:\/\/api.w.org\/{rel}","templated":true}]}}