{"id":157871,"date":"2016-12-04T11:24:42","date_gmt":"2016-12-04T10:24:42","guid":{"rendered":"http:\/\/www.fuldaer-nachrichten.de\/?p=157871"},"modified":"2016-12-04T11:24:42","modified_gmt":"2016-12-04T10:24:42","slug":"tiefenentspannt-in-die-weihnachtsfeiertage","status":"publish","type":"post","link":"https:\/\/www.fuldaernachrichten.de\/?p=157871","title":{"rendered":"Tiefenentspannt in die Weihnachtsfeiertage"},"content":{"rendered":"<p> Die Volkshochschule des Landkreises Fulda l\u00e4dt ein, tiefenentspannt in die Weihnachtsfeiertage zu gehen. Im Yin Yoga werden durch eine tiefe und lange Haltung der Positionen die Faszien angesprochen. Dies erh\u00f6ht die Mobilit\u00e4t im K\u00f6rper, besonders in Gelenken und H\u00fcfte. Der Kurs findet am Samstag, 17. Dezember, von 16 bis 18 Uhr im Pavillon der Grundschule in statt. Infos und Anmeldung mit Kursnummer VN3010423 unter www.vhs-fulda.de oder Telefon (0661)6006-1600. <\/p>\n","protected":false},"excerpt":{"rendered":"<div class=\"tmnf_excerpt\"><p>Die Volkshochschule des Landkreises Fulda l\u00e4dt ein, tiefenentspannt in die Weihnachtsfeiertage zu gehen. Im Yin Yoga werden durch eine tiefe und lange Haltung der Positionen die Faszien angesprochen. Dies erh\u00f6ht die Mobilit\u00e4t im K\u00f6rper, besonders in Gelenken und H\u00fcfte. Der Kurs findet am Samstag, 17. Dezember, von 16 bis 18 Uhr im Pavillon der Grundschule &hellip;<\/p>\n<\/div>","protected":false},"author":1,"featured_media":0,"comment_status":"closed","ping_status":"closed","sticky":false,"template":"","format":"standard","meta":{"footnotes":""},"categories":[1],"tags":[],"class_list":["post-157871","post","type-post","status-publish","format-standard","hentry","category-startseite"],"_links":{"self":[{"href":"https:\/\/www.fuldaernachrichten.de\/index.php?rest_route=\/wp\/v2\/posts\/157871","targetHints":{"allow":["GET"]}}],"collection":[{"href":"https:\/\/www.fuldaernachrichten.de\/index.php?rest_route=\/wp\/v2\/posts"}],"about":[{"href":"https:\/\/www.fuldaernachrichten.de\/index.php?rest_route=\/wp\/v2\/types\/post"}],"author":[{"embeddable":true,"href":"https:\/\/www.fuldaernachrichten.de\/index.php?rest_route=\/wp\/v2\/users\/1"}],"replies":[{"embeddable":true,"href":"https:\/\/www.fuldaernachrichten.de\/index.php?rest_route=%2Fwp%2Fv2%2Fcomments&post=157871"}],"version-history":[{"count":1,"href":"https:\/\/www.fuldaernachrichten.de\/index.php?rest_route=\/wp\/v2\/posts\/157871\/revisions"}],"predecessor-version":[{"id":157875,"href":"https:\/\/www.fuldaernachrichten.de\/index.php?rest_route=\/wp\/v2\/posts\/157871\/revisions\/157875"}],"wp:attachment":[{"href":"https:\/\/www.fuldaernachrichten.de\/index.php?rest_route=%2Fwp%2Fv2%2Fmedia&parent=157871"}],"wp:term":[{"taxonomy":"category","embeddable":true,"href":"https:\/\/www.fuldaernachrichten.de\/index.php?rest_route=%2Fwp%2Fv2%2Fcategories&post=157871"},{"taxonomy":"post_tag","embeddable":true,"href":"https:\/\/www.fuldaernachrichten.de\/index.php?rest_route=%2Fwp%2Fv2%2Ftags&post=157871"}],"curies":[{"name":"wp","href":"https:\/\/api.w.org\/{rel}","templated":true}]}}