{"id":157863,"date":"2016-12-04T11:23:19","date_gmt":"2016-12-04T10:23:19","guid":{"rendered":"http:\/\/www.fuldaer-nachrichten.de\/?p=157863"},"modified":"2016-12-04T11:23:19","modified_gmt":"2016-12-04T10:23:19","slug":"aok-hessen-bekommt-zum-fuenften-mal-das-total-e-quality-praedikat","status":"publish","type":"post","link":"https:\/\/www.fuldaernachrichten.de\/?p=157863","title":{"rendered":"AOK Hessen bekommt zum f\u00fcnften Mal das TOTAL E-QUALITY-Pr\u00e4dikat"},"content":{"rendered":"<p>Da sich die AOK Hessen seit vielen Jahren nachhaltig f\u00fcr Chancengleichheit ihrer Mitarbeiterinnen und Mitarbeiter einsetzt, darf sie zum f\u00fcnften Mal in Folge das Pr\u00e4dikat TOTAL-E-Quality entgegen nehmen.<\/p>\n<p>Im regelm\u00e4\u00dfigen Turnus vergibt der Verein mit Sitz in Bad Bocklet diese Auszeichnung an besonders engagierte Arbeitgeber. Nur wenigen gelingt es, kontinuierlich \u00fcber einen l\u00e4ngeren Zeitraum hinweg die Jury von ihren Leistungen auf diesem Feld zu \u00fcberzeugen. Die hessische Gesundheitskasse geh\u00f6rt dazu und hat diesmal auch einen besonderen Nachhaltigkeitspreis f\u00fcr ihre auf Vielfalt angelegte, familienbewusste Personal- und Unternehmenspolitik erhalten. In der Begr\u00fcndung werden zahlreiche Angebote der AOK Hessen hervor gehoben, darunter der Service \u201eBeruf und Kind\u201c, die hessenweite Notfallbetreuung bei akutem Betreuungsbedarf f\u00fcr Eltern, das \u201eTalentmanagement\u201c, \u201eBeruf und Pflege vereinbaren\u201c, der hohe Frauenanteil in F\u00fchrungs- und Spezialistenpositionen (aktuell: 41,6 Prozent) und die sehr hohe in internen Befragungen festgestellte Mitarbeiterzufriedenheit (2014: 97 Prozent).<\/p>\n<p>Bild: Detlef Lamm (Vorstandsvorsitzender der AOK Hessen), der AOK-Personalchef Karlheinz L\u00f6w und seine Mitarbeiterin Sonja Lambert freuen sich \u00fcber die erneute Auszeichnung.<\/p>\n","protected":false},"excerpt":{"rendered":"<div class=\"tmnf_excerpt\"><p>Da sich die AOK Hessen seit vielen Jahren nachhaltig f\u00fcr Chancengleichheit ihrer Mitarbeiterinnen und Mitarbeiter einsetzt, darf sie zum f\u00fcnften Mal in Folge das Pr\u00e4dikat TOTAL-E-Quality entgegen nehmen. Im regelm\u00e4\u00dfigen Turnus vergibt der Verein mit Sitz in Bad Bocklet diese Auszeichnung an besonders engagierte Arbeitgeber. Nur wenigen gelingt es, kontinuierlich \u00fcber einen l\u00e4ngeren Zeitraum hinweg &hellip;<\/p>\n<\/div>","protected":false},"author":1,"featured_media":157866,"comment_status":"closed","ping_status":"closed","sticky":false,"template":"","format":"standard","meta":{"footnotes":""},"categories":[1],"tags":[],"class_list":["post-157863","post","type-post","status-publish","format-standard","has-post-thumbnail","hentry","category-startseite"],"_links":{"self":[{"href":"https:\/\/www.fuldaernachrichten.de\/index.php?rest_route=\/wp\/v2\/posts\/157863","targetHints":{"allow":["GET"]}}],"collection":[{"href":"https:\/\/www.fuldaernachrichten.de\/index.php?rest_route=\/wp\/v2\/posts"}],"about":[{"href":"https:\/\/www.fuldaernachrichten.de\/index.php?rest_route=\/wp\/v2\/types\/post"}],"author":[{"embeddable":true,"href":"https:\/\/www.fuldaernachrichten.de\/index.php?rest_route=\/wp\/v2\/users\/1"}],"replies":[{"embeddable":true,"href":"https:\/\/www.fuldaernachrichten.de\/index.php?rest_route=%2Fwp%2Fv2%2Fcomments&post=157863"}],"version-history":[{"count":1,"href":"https:\/\/www.fuldaernachrichten.de\/index.php?rest_route=\/wp\/v2\/posts\/157863\/revisions"}],"predecessor-version":[{"id":157867,"href":"https:\/\/www.fuldaernachrichten.de\/index.php?rest_route=\/wp\/v2\/posts\/157863\/revisions\/157867"}],"wp:featuredmedia":[{"embeddable":true,"href":"https:\/\/www.fuldaernachrichten.de\/index.php?rest_route=\/wp\/v2\/media\/157866"}],"wp:attachment":[{"href":"https:\/\/www.fuldaernachrichten.de\/index.php?rest_route=%2Fwp%2Fv2%2Fmedia&parent=157863"}],"wp:term":[{"taxonomy":"category","embeddable":true,"href":"https:\/\/www.fuldaernachrichten.de\/index.php?rest_route=%2Fwp%2Fv2%2Fcategories&post=157863"},{"taxonomy":"post_tag","embeddable":true,"href":"https:\/\/www.fuldaernachrichten.de\/index.php?rest_route=%2Fwp%2Fv2%2Ftags&post=157863"}],"curies":[{"name":"wp","href":"https:\/\/api.w.org\/{rel}","templated":true}]}}