{"id":157856,"date":"2016-12-04T11:22:05","date_gmt":"2016-12-04T10:22:05","guid":{"rendered":"http:\/\/www.fuldaer-nachrichten.de\/?p=157856"},"modified":"2016-12-04T11:22:05","modified_gmt":"2016-12-04T10:22:05","slug":"pfarrer-dr-grimm-wird-am-traetzhof-vorgestellt","status":"publish","type":"post","link":"https:\/\/www.fuldaernachrichten.de\/?p=157856","title":{"rendered":"Pfarrer Dr. GRIMM wird am Tr\u00e4tzhof vorgestellt"},"content":{"rendered":"<p>Am 11.12.2016 wird um 10.00 Uhr Pfarrer Dr. Michael Grimm in der Matth\u00e4uskirche am Tr\u00e4tzhof der Gemeinde vorgestellt.<br \/>\nDr. Grimm war 21 Jahre katholischer Pastoralreferent, ehe er zur evangelischen Kirche konvertierte, sein  auf ein Jahr verk\u00fcrztes Vikariat absolvierte und Ende Oktober ordiniert wurde. Er arbeitet jeweils f\u00fcr 25% am Tr\u00e4tzhof, in der Vers\u00f6hnungskirche und mit Zusatzauftrag in der Polizei- und Notfallseelsorge des Kirchenkreises Fulda. Der 52-j\u00e4hrige Dr. Grimm ist mit Pfarrerin Sandra Jost, die k\u00fcrzlich die Pfarrstelle in Bad Salzschlirf-Gro\u00dfenl\u00fcder angetreten hat, verlobt und hat zwei erwachsene Kinder.<\/p>\n<p>Zum Gottesdienst in der Matth\u00e4uskirche mit anschlie\u00dfendem Empfang im Gemeindehaus sind alle herzlich eingeladen.<\/p>\n","protected":false},"excerpt":{"rendered":"<div class=\"tmnf_excerpt\"><p>Am 11.12.2016 wird um 10.00 Uhr Pfarrer Dr. Michael Grimm in der Matth\u00e4uskirche am Tr\u00e4tzhof der Gemeinde vorgestellt. Dr. Grimm war 21 Jahre katholischer Pastoralreferent, ehe er zur evangelischen Kirche konvertierte, sein auf ein Jahr verk\u00fcrztes Vikariat absolvierte und Ende Oktober ordiniert wurde. Er arbeitet jeweils f\u00fcr 25% am Tr\u00e4tzhof, in der Vers\u00f6hnungskirche und mit &hellip;<\/p>\n<\/div>","protected":false},"author":1,"featured_media":157861,"comment_status":"closed","ping_status":"closed","sticky":false,"template":"","format":"standard","meta":{"footnotes":""},"categories":[1],"tags":[],"class_list":["post-157856","post","type-post","status-publish","format-standard","has-post-thumbnail","hentry","category-startseite"],"_links":{"self":[{"href":"https:\/\/www.fuldaernachrichten.de\/index.php?rest_route=\/wp\/v2\/posts\/157856","targetHints":{"allow":["GET"]}}],"collection":[{"href":"https:\/\/www.fuldaernachrichten.de\/index.php?rest_route=\/wp\/v2\/posts"}],"about":[{"href":"https:\/\/www.fuldaernachrichten.de\/index.php?rest_route=\/wp\/v2\/types\/post"}],"author":[{"embeddable":true,"href":"https:\/\/www.fuldaernachrichten.de\/index.php?rest_route=\/wp\/v2\/users\/1"}],"replies":[{"embeddable":true,"href":"https:\/\/www.fuldaernachrichten.de\/index.php?rest_route=%2Fwp%2Fv2%2Fcomments&post=157856"}],"version-history":[{"count":1,"href":"https:\/\/www.fuldaernachrichten.de\/index.php?rest_route=\/wp\/v2\/posts\/157856\/revisions"}],"predecessor-version":[{"id":157862,"href":"https:\/\/www.fuldaernachrichten.de\/index.php?rest_route=\/wp\/v2\/posts\/157856\/revisions\/157862"}],"wp:featuredmedia":[{"embeddable":true,"href":"https:\/\/www.fuldaernachrichten.de\/index.php?rest_route=\/wp\/v2\/media\/157861"}],"wp:attachment":[{"href":"https:\/\/www.fuldaernachrichten.de\/index.php?rest_route=%2Fwp%2Fv2%2Fmedia&parent=157856"}],"wp:term":[{"taxonomy":"category","embeddable":true,"href":"https:\/\/www.fuldaernachrichten.de\/index.php?rest_route=%2Fwp%2Fv2%2Fcategories&post=157856"},{"taxonomy":"post_tag","embeddable":true,"href":"https:\/\/www.fuldaernachrichten.de\/index.php?rest_route=%2Fwp%2Fv2%2Ftags&post=157856"}],"curies":[{"name":"wp","href":"https:\/\/api.w.org\/{rel}","templated":true}]}}