{"id":157852,"date":"2016-12-04T11:20:49","date_gmt":"2016-12-04T10:20:49","guid":{"rendered":"http:\/\/www.fuldaer-nachrichten.de\/?p=157852"},"modified":"2016-12-04T11:20:49","modified_gmt":"2016-12-04T10:20:49","slug":"schulkueche-betreuungsraum-und-feuerwehrfahrzeug","status":"publish","type":"post","link":"https:\/\/www.fuldaernachrichten.de\/?p=157852","title":{"rendered":"Schulk\u00fcche, Betreuungsraum und Feuerwehrfahrzeug"},"content":{"rendered":"<p>Im Rahmen der umfangreichen Sanierungsma\u00dfnahmen an der Rh\u00f6nschule in Gersfeld wird eine neue Sp\u00fcl- und Schulk\u00fcche eingerichtet. F\u00fcr 42.300 Euro hat der Kreisausschuss den Auftrag vergeben. Auf 26.200 Euro bel\u00e4uft sich die Auftragssumme f\u00fcr die Putz-, Maler-, Trockenbau- und Tapezierarbeiten beim Betreuungsraum der Grundschule in Eichenzell. Die Gemeinde Hofbieber erh\u00e4lt vom Landkreis Fulda eine Zuweisung von 4.750 Euro aus dem Kreisausgleichsstock zur Ersatzbeschaffung eines Einsatzfahrzeugs f\u00fcr die Feuerwehr in Langenbieber.<\/p>\n","protected":false},"excerpt":{"rendered":"<div class=\"tmnf_excerpt\"><p>Im Rahmen der umfangreichen Sanierungsma\u00dfnahmen an der Rh\u00f6nschule in Gersfeld wird eine neue Sp\u00fcl- und Schulk\u00fcche eingerichtet. F\u00fcr 42.300 Euro hat der Kreisausschuss den Auftrag vergeben. Auf 26.200 Euro bel\u00e4uft sich die Auftragssumme f\u00fcr die Putz-, Maler-, Trockenbau- und Tapezierarbeiten beim Betreuungsraum der Grundschule in Eichenzell. Die Gemeinde Hofbieber erh\u00e4lt vom Landkreis Fulda eine Zuweisung &hellip;<\/p>\n<\/div>","protected":false},"author":1,"featured_media":0,"comment_status":"closed","ping_status":"closed","sticky":false,"template":"","format":"standard","meta":{"footnotes":""},"categories":[1],"tags":[],"class_list":["post-157852","post","type-post","status-publish","format-standard","hentry","category-startseite"],"_links":{"self":[{"href":"https:\/\/www.fuldaernachrichten.de\/index.php?rest_route=\/wp\/v2\/posts\/157852","targetHints":{"allow":["GET"]}}],"collection":[{"href":"https:\/\/www.fuldaernachrichten.de\/index.php?rest_route=\/wp\/v2\/posts"}],"about":[{"href":"https:\/\/www.fuldaernachrichten.de\/index.php?rest_route=\/wp\/v2\/types\/post"}],"author":[{"embeddable":true,"href":"https:\/\/www.fuldaernachrichten.de\/index.php?rest_route=\/wp\/v2\/users\/1"}],"replies":[{"embeddable":true,"href":"https:\/\/www.fuldaernachrichten.de\/index.php?rest_route=%2Fwp%2Fv2%2Fcomments&post=157852"}],"version-history":[{"count":1,"href":"https:\/\/www.fuldaernachrichten.de\/index.php?rest_route=\/wp\/v2\/posts\/157852\/revisions"}],"predecessor-version":[{"id":157853,"href":"https:\/\/www.fuldaernachrichten.de\/index.php?rest_route=\/wp\/v2\/posts\/157852\/revisions\/157853"}],"wp:attachment":[{"href":"https:\/\/www.fuldaernachrichten.de\/index.php?rest_route=%2Fwp%2Fv2%2Fmedia&parent=157852"}],"wp:term":[{"taxonomy":"category","embeddable":true,"href":"https:\/\/www.fuldaernachrichten.de\/index.php?rest_route=%2Fwp%2Fv2%2Fcategories&post=157852"},{"taxonomy":"post_tag","embeddable":true,"href":"https:\/\/www.fuldaernachrichten.de\/index.php?rest_route=%2Fwp%2Fv2%2Ftags&post=157852"}],"curies":[{"name":"wp","href":"https:\/\/api.w.org\/{rel}","templated":true}]}}