{"id":157823,"date":"2016-12-02T10:23:51","date_gmt":"2016-12-02T09:23:51","guid":{"rendered":"http:\/\/www.fuldaer-nachrichten.de\/?p=157823"},"modified":"2016-12-02T10:23:51","modified_gmt":"2016-12-02T09:23:51","slug":"stiftung-gegen-rassismus-aus-meiner-sicht-kreuzkirche-unter-den-besten-30-im-videowettbewerb","status":"publish","type":"post","link":"https:\/\/www.fuldaernachrichten.de\/?p=157823","title":{"rendered":"Stiftung gegen Rassismus: \u201eAus meiner Sicht\u201c &#8211; Kreuzkirche unter den besten 30 im Videowettbewerb"},"content":{"rendered":"<p>Bereits seit Anfang 2016 engagiert sich die Evangelische Kreuzkirche Fulda-Neuenberg mit Ehrenamtlichen und dem Jugendreferenten f\u00fcr Menschen mit Fluchterfahrung u.a. in einer Wohnunterkunft im Fuldaer Westen. Im Oktober hat ein Team der Gemeinde ein Video produziert, in dem Gefl\u00fcchtete von ihrer Geschichte erz\u00e4hlen und von ihren Erfahrungen in Deutschland berichten.<\/p>\n<p>Bei einem Wettbewerb der \u201eStiftung gegen Rassimus\u201c (Darmstadt) unter dem Titel \u201eAus meiner Sicht\u201c kam das Video der Kreuzkirche unter die besten 30 aus ganz Deutschland.<br \/>\nAm Sonntag, 4. Dezember, 19.00-21.00 Uhr, soll dieses Video der \u00d6ffentlichkeit vorgestellt werden. Beim  Begegnungsabend im Fuldaer Museumscaf\u00e9 wird es neben dem Video Interviews mit gefl\u00fcchteten Menschen geben. Au\u00dferdem tritt die Theatergruppe \u201eTheater Mittendrin\u201c, der Zauberer Martino und der Singer\/Songwriter Simo auf. Bei Getr\u00e4nken und Fingerfood steht die Begegnung von Menschen mit Fluchterfahrung und Einheimischen im Vordergrund.<\/p>\n<p>Etwa eine Woche sp\u00e4ter, am 10.12.2016, sind die Videoproduzentinnen der Kreuzkirche nach Mainz eingeladen, wo die ersten drei Gewinner-Videos pr\u00e4miert werden.<br \/>\nDas Video kann nach der offiziellen Pr\u00e4sentation am 4. Dezember dann auch auf der Homepage der Kreuzkirche abgerufen werden.<\/p>\n<p>www.kreuzkirche-fulda.de<\/p>\n<p>Zum Hintergrund<\/p>\n<p>Stiftung f\u00fcr die Internationalen Wochen gegen Rassismus<br \/>\nDie \u201eStiftung f\u00fcr die Internationalen Wochen gegen Rassismus\u201c f\u00f6rdert Modellprojekte zur \u00dcberwindung von Rassismus und Ausgrenzung von Minderheiten. Zum Stiftungsrat geh\u00f6ren als Vorsitzender der ehemalige Pr\u00e4sident des Deutschen Fu\u00dfballbundes Dr. Theo Zwanziger und als Stellvertreterin die Bundestagsvizepr\u00e4sidentin Claudia Roth.<\/p>\n<p>Beim Videoprojekt der Stiftung sollten gefl\u00fcchtete Menschen unter dem Motto \u201eAus meiner Sicht\u201c die M\u00f6glichkeit gegeben werden, von ihren Erfahrungen in Deutschland zu berichten. Ihr Alltag, ihre Situation, ihre Sicht der Dinge sollte in 3-5 Minuten-Clips dargestellt werden.<\/p>\n<p>Projekt der Evangelischen Kreuzkirche Fulda-Neuenberg<br \/>\n(EKKW-Evangelische Kirche von Kurhessen-Waldeck)<br \/>\nDie Kreuzkirche wurde auf Empfehlung der Evangelischen Kirche von Kurhessen-Waldeck (Pfarrerin Christina Schnepel, Beauftragte der Landeskirche f\u00fcr Flucht und Migration) auf das Projekt aufmerksam. Jugendreferent Samuel K\u00fcmmel und die Ehrenamtliche Tina Gro\u00dfmann, sowie der 18-j\u00e4hrige Malte B\u00fcrger (Videoproduktion und Schnitt) setzen das Projekt unter Begleitung von Konfirmandinnen und Konfirmanden mit einer muslimischen Familie aus der Fl\u00fcchtlingsunterkunft um.<\/p>\n","protected":false},"excerpt":{"rendered":"<div class=\"tmnf_excerpt\"><p>Bereits seit Anfang 2016 engagiert sich die Evangelische Kreuzkirche Fulda-Neuenberg mit Ehrenamtlichen und dem Jugendreferenten f\u00fcr Menschen mit Fluchterfahrung u.a. in einer Wohnunterkunft im Fuldaer Westen. Im Oktober hat ein Team der Gemeinde ein Video produziert, in dem Gefl\u00fcchtete von ihrer Geschichte erz\u00e4hlen und von ihren Erfahrungen in Deutschland berichten. Bei einem Wettbewerb der \u201eStiftung &hellip;<\/p>\n<\/div>","protected":false},"author":1,"featured_media":157829,"comment_status":"closed","ping_status":"closed","sticky":false,"template":"","format":"standard","meta":{"footnotes":""},"categories":[1],"tags":[],"class_list":["post-157823","post","type-post","status-publish","format-standard","has-post-thumbnail","hentry","category-startseite"],"_links":{"self":[{"href":"https:\/\/www.fuldaernachrichten.de\/index.php?rest_route=\/wp\/v2\/posts\/157823","targetHints":{"allow":["GET"]}}],"collection":[{"href":"https:\/\/www.fuldaernachrichten.de\/index.php?rest_route=\/wp\/v2\/posts"}],"about":[{"href":"https:\/\/www.fuldaernachrichten.de\/index.php?rest_route=\/wp\/v2\/types\/post"}],"author":[{"embeddable":true,"href":"https:\/\/www.fuldaernachrichten.de\/index.php?rest_route=\/wp\/v2\/users\/1"}],"replies":[{"embeddable":true,"href":"https:\/\/www.fuldaernachrichten.de\/index.php?rest_route=%2Fwp%2Fv2%2Fcomments&post=157823"}],"version-history":[{"count":1,"href":"https:\/\/www.fuldaernachrichten.de\/index.php?rest_route=\/wp\/v2\/posts\/157823\/revisions"}],"predecessor-version":[{"id":157830,"href":"https:\/\/www.fuldaernachrichten.de\/index.php?rest_route=\/wp\/v2\/posts\/157823\/revisions\/157830"}],"wp:featuredmedia":[{"embeddable":true,"href":"https:\/\/www.fuldaernachrichten.de\/index.php?rest_route=\/wp\/v2\/media\/157829"}],"wp:attachment":[{"href":"https:\/\/www.fuldaernachrichten.de\/index.php?rest_route=%2Fwp%2Fv2%2Fmedia&parent=157823"}],"wp:term":[{"taxonomy":"category","embeddable":true,"href":"https:\/\/www.fuldaernachrichten.de\/index.php?rest_route=%2Fwp%2Fv2%2Fcategories&post=157823"},{"taxonomy":"post_tag","embeddable":true,"href":"https:\/\/www.fuldaernachrichten.de\/index.php?rest_route=%2Fwp%2Fv2%2Ftags&post=157823"}],"curies":[{"name":"wp","href":"https:\/\/api.w.org\/{rel}","templated":true}]}}