{"id":157818,"date":"2016-12-02T10:22:24","date_gmt":"2016-12-02T09:22:24","guid":{"rendered":"http:\/\/www.fuldaer-nachrichten.de\/?p=157818"},"modified":"2016-12-02T10:22:24","modified_gmt":"2016-12-02T09:22:24","slug":"landrat-manfred-goerig-und-afs-suchen-gastfamilien-im-vogelsbergkreis-ab-februar-2017","status":"publish","type":"post","link":"https:\/\/www.fuldaernachrichten.de\/?p=157818","title":{"rendered":"Landrat Manfred G\u00f6rig und AFS suchen Gastfamilien im Vogelsbergkreis ab Februar 2017"},"content":{"rendered":"<p>In den eigenen vier W\u00e4nden eine neue Kultur entdecken \u2013 diese Erfahrung k\u00f6nnen Familien aus dem Vogelsbergkreis ab Februar 2017 machen. Anfang des Jahres erwartet die gemeinn\u00fctzige Organisation \u201eAFS Interkulturelle Begegnungen e.V.\u201c 125 Sch\u00fclerinnen und Sch\u00fcler aus rund 20 L\u00e4ndern. Die Jugendlichen kommen f\u00fcr ein halbes oder ganzes Jahr nach Deutschland, um den Alltag zu erleben, die Sprache zu lernen und neue Eindr\u00fccke zu sammeln. Der Verein f\u00fcr Interkulturelle Begegnungen mit Sitz in Hamburg hat sich \u00fcbrigens aus dem AFS \u2013 \u201eAmerican Field Service\u201c \u2013 nach dem Zweiten Weltkrieg entwickelt und V\u00f6lkerverst\u00e4ndigung auf seine Fahnen geschrieben.<\/p>\n<p>Gemeinsam mit AFS sucht Landrat Manfred G\u00f6rig im Vogelsbergkreis Familien, die eine Sch\u00fclerin oder einen Sch\u00fcler auf Zeit bei sich aufnehmen m\u00f6chten. \u201eDas Zusammenleben mit einem Gastkind aus einem anderen Land ist eine wertvolle Erfahrung f\u00fcr die ganze Familie. Miteinander k\u00f6nnen sie Unterschiede und Gemeinsamkeiten feststellen und lernen jeweils die andere Kultur intensiv kennen. Ich freue mich \u00fcber jede Familie aus unserem Landkreis, die diese Erfahrung machen m\u00f6chte \u201c, so G\u00f6rig \u00fcber das Gastfamilienprogramm der Organisation.<\/p>\n<p>Ein Gastkind aufnehmen k\u00f6nnen Paare mit oder ohne Kinder, Alleinerziehende, gleichgeschlechtliche Paare, Senioren und Alleinstehende, die sich ehrenamtlich f\u00fcr den Sch\u00fcleraustausch engagieren wollen. Dazu braucht es kein gro\u00dfes Haus oder ein eigenes Zimmer \u2013 ein freies Bett, ein Platz am Tisch und ein offenes Herz gen\u00fcgen. Vorbereitet und begleitet werden die Familien von AFS-Mitarbeiterinnen und -Mitarbeitern in der Region sowie aus der Gesch\u00e4ftsstelle in Hamburg. Es gibt die M\u00f6glichkeit, ein Gastkind ab sechs bis acht Wochen bis zu einem Schuljahr aufzunehmen.<\/p>\n<p>Interessierte, die ihr Zuhause f\u00fcr ein Gastkind \u00f6ffnen m\u00f6chten, k\u00f6nnen sich im Internet unter www.afs.de\/gastfamilie erkundigen oder direkt an die Austauschorganisation AFS wenden \u2013 unter der Telefonnummer 040 399222-90 oder per E-Mail an gastfamilie@afs.de<\/p>\n","protected":false},"excerpt":{"rendered":"<div class=\"tmnf_excerpt\"><p>In den eigenen vier W\u00e4nden eine neue Kultur entdecken \u2013 diese Erfahrung k\u00f6nnen Familien aus dem Vogelsbergkreis ab Februar 2017 machen. Anfang des Jahres erwartet die gemeinn\u00fctzige Organisation \u201eAFS Interkulturelle Begegnungen e.V.\u201c 125 Sch\u00fclerinnen und Sch\u00fcler aus rund 20 L\u00e4ndern. Die Jugendlichen kommen f\u00fcr ein halbes oder ganzes Jahr nach Deutschland, um den Alltag zu &hellip;<\/p>\n<\/div>","protected":false},"author":1,"featured_media":0,"comment_status":"closed","ping_status":"closed","sticky":false,"template":"","format":"standard","meta":{"footnotes":""},"categories":[1],"tags":[],"class_list":["post-157818","post","type-post","status-publish","format-standard","hentry","category-startseite"],"_links":{"self":[{"href":"https:\/\/www.fuldaernachrichten.de\/index.php?rest_route=\/wp\/v2\/posts\/157818","targetHints":{"allow":["GET"]}}],"collection":[{"href":"https:\/\/www.fuldaernachrichten.de\/index.php?rest_route=\/wp\/v2\/posts"}],"about":[{"href":"https:\/\/www.fuldaernachrichten.de\/index.php?rest_route=\/wp\/v2\/types\/post"}],"author":[{"embeddable":true,"href":"https:\/\/www.fuldaernachrichten.de\/index.php?rest_route=\/wp\/v2\/users\/1"}],"replies":[{"embeddable":true,"href":"https:\/\/www.fuldaernachrichten.de\/index.php?rest_route=%2Fwp%2Fv2%2Fcomments&post=157818"}],"version-history":[{"count":1,"href":"https:\/\/www.fuldaernachrichten.de\/index.php?rest_route=\/wp\/v2\/posts\/157818\/revisions"}],"predecessor-version":[{"id":157826,"href":"https:\/\/www.fuldaernachrichten.de\/index.php?rest_route=\/wp\/v2\/posts\/157818\/revisions\/157826"}],"wp:attachment":[{"href":"https:\/\/www.fuldaernachrichten.de\/index.php?rest_route=%2Fwp%2Fv2%2Fmedia&parent=157818"}],"wp:term":[{"taxonomy":"category","embeddable":true,"href":"https:\/\/www.fuldaernachrichten.de\/index.php?rest_route=%2Fwp%2Fv2%2Fcategories&post=157818"},{"taxonomy":"post_tag","embeddable":true,"href":"https:\/\/www.fuldaernachrichten.de\/index.php?rest_route=%2Fwp%2Fv2%2Ftags&post=157818"}],"curies":[{"name":"wp","href":"https:\/\/api.w.org\/{rel}","templated":true}]}}