{"id":157808,"date":"2016-12-02T10:20:35","date_gmt":"2016-12-02T09:20:35","guid":{"rendered":"http:\/\/www.fuldaer-nachrichten.de\/?p=157808"},"modified":"2016-12-02T10:20:35","modified_gmt":"2016-12-02T09:20:35","slug":"boehmisch-im-doppelpack-erfreute-besucher-in-der-bad-hersfelder-stadthalle","status":"publish","type":"post","link":"https:\/\/www.fuldaernachrichten.de\/?p=157808","title":{"rendered":"\u201eB\u00f6hmisch im Doppelpack\u201c erfreute Besucher in der Bad Hersfelder Stadthalle"},"content":{"rendered":"<p><a href=\"http:\/\/www.fuldaer-nachrichten.de\/wp-content\/uploads\/2016\/12\/HZ_Zuschauer.jpg\"><img decoding=\"async\" src=\"http:\/\/www.fuldaer-nachrichten.de\/wp-content\/uploads\/2016\/12\/HZ_Zuschauer-265x177.jpg\" alt=\"hz_zuschauer\" width=\"265\" height=\"177\" class=\"alignleft size-thumbnail wp-image-157815\" srcset=\"https:\/\/www.fuldaernachrichten.de\/wp-content\/uploads\/2016\/12\/HZ_Zuschauer-265x177.jpg 265w, https:\/\/www.fuldaernachrichten.de\/wp-content\/uploads\/2016\/12\/HZ_Zuschauer-768x514.jpg 768w, https:\/\/www.fuldaernachrichten.de\/wp-content\/uploads\/2016\/12\/HZ_Zuschauer-600x401.jpg 600w, https:\/\/www.fuldaernachrichten.de\/wp-content\/uploads\/2016\/12\/HZ_Zuschauer.jpg 861w\" sizes=\"(max-width: 265px) 100vw, 265px\" \/><\/a>Zum Abschluss ihres Jubil\u00e4umsjahres \u201e90 Jahre Trachtenkapelle Elters\/Rh\u00f6n\u201c luden die Elterser am Sonntag, 19. November zum \u201eB\u00f6hmisch im Doppelpack\u201c in die gut besuchte Hersfelder Stadthalle ein.  Zu Gast des Gemeinschaftskonzertes waren die \u201eQueienbergmusikanten\u201c aus dem s\u00fcdlichen Zipfel Th\u00fcringens. Leicht und locker gelang es Th\u00fcringern mit ihrem Dirigenten Thomas G\u00fctter ihr Motto \u00fcberspringen zu lassen: \u201eGl\u00fccklich mit Musik!\u201c Neben dem Gesangstitel \u201eHelenka Polka\u201c, dem Solo f\u00fcr Fl\u00fcgelhorn und Klarinette \u201eTr\u00e4ume im Duett\u201c, dem Trompetensolo \u201eN\u00e4chtliche T\u00e4nen\u201c und weiteren Titeln, begeisterten die Queienberger das Publikum.<\/p>\n<p>Als zweites im Doppelpack folgten dann von einem der besten Trompeter Deutschlands, Markus Arnold, geleiteten Elterser. Zackig und schmissig er\u00f6ffneten sie ihren Part mit dem Marsch \u201eJubelkl\u00e4nge\u201c, gefolgt von der \u201eMarktfrauenpolka\u201c und der von Ulrike Gutberlet auf der Piccolo-Fl\u00f6te mitrei\u00dfend mitgepfiffenen \u201eDrosselpolka\u201c.<\/p>\n<p>Wer genau hinsah, konnte sehen, wie auf der B\u00fchne vor allem die Damen der Kapelle bei fast jedem St\u00fcck mit den F\u00fc\u00dfen mitwippten, und sich die \u201eb\u00f6hmische\u201c Stimmung \u2013 nicht zuletzt auch durch die unterhaltsame Moderation des Fuldaer Originals G\u00fcnther Elm \u2013 auch auf dem Parkett ausbreitete. Die von Balint M\u00f6ller umgesetzte \u201eTrommelparade\u201c, von Soloposaunist Christian Milde wunderbar gelungene Interpretation von \u201eBilitis\u201c, die hoch anspruchsvolle \u201eTeufelsklarinette\u201c vorgetragen von Bettina H\u00fcttl und weitere Schmankerln taten ein \u00dcbriges. Markus Arnold gl\u00e4nzte als Solotrompeter mit \u201eO mein Papa\u201c, Tobias Bug und Marko Langgut verk\u00f6rperten musikalisch \u201eMax und Moritz\u201c. Nach den Ohrw\u00fcrmern \u201eAmselpolka\u201c und \u201eWir sind Kinder von der Eger\u201c, gesungen von Ulrike Kastilan Vogler und Stephan M\u00f6ller kamen die Elterser nicht um einige Zugaben herum. Kr\u00f6nender Abschluss war das von beiden Kapellen gemeinsam gespielte und vom Publikum mit Inbrunst mitgesungene \u201eRennsteiglied\u201c und \u201eAuf die Vogelwiese!\u201c<\/p>\n","protected":false},"excerpt":{"rendered":"<div class=\"tmnf_excerpt\"><p>Zum Abschluss ihres Jubil\u00e4umsjahres \u201e90 Jahre Trachtenkapelle Elters\/Rh\u00f6n\u201c luden die Elterser am Sonntag, 19. November zum \u201eB\u00f6hmisch im Doppelpack\u201c in die gut besuchte Hersfelder Stadthalle ein. Zu Gast des Gemeinschaftskonzertes waren die \u201eQueienbergmusikanten\u201c aus dem s\u00fcdlichen Zipfel Th\u00fcringens. Leicht und locker gelang es Th\u00fcringern mit ihrem Dirigenten Thomas G\u00fctter ihr Motto \u00fcberspringen zu lassen: \u201eGl\u00fccklich &hellip;<\/p>\n<\/div>","protected":false},"author":1,"featured_media":157814,"comment_status":"closed","ping_status":"closed","sticky":false,"template":"","format":"standard","meta":{"footnotes":""},"categories":[1],"tags":[],"class_list":["post-157808","post","type-post","status-publish","format-standard","has-post-thumbnail","hentry","category-startseite"],"_links":{"self":[{"href":"https:\/\/www.fuldaernachrichten.de\/index.php?rest_route=\/wp\/v2\/posts\/157808","targetHints":{"allow":["GET"]}}],"collection":[{"href":"https:\/\/www.fuldaernachrichten.de\/index.php?rest_route=\/wp\/v2\/posts"}],"about":[{"href":"https:\/\/www.fuldaernachrichten.de\/index.php?rest_route=\/wp\/v2\/types\/post"}],"author":[{"embeddable":true,"href":"https:\/\/www.fuldaernachrichten.de\/index.php?rest_route=\/wp\/v2\/users\/1"}],"replies":[{"embeddable":true,"href":"https:\/\/www.fuldaernachrichten.de\/index.php?rest_route=%2Fwp%2Fv2%2Fcomments&post=157808"}],"version-history":[{"count":1,"href":"https:\/\/www.fuldaernachrichten.de\/index.php?rest_route=\/wp\/v2\/posts\/157808\/revisions"}],"predecessor-version":[{"id":157816,"href":"https:\/\/www.fuldaernachrichten.de\/index.php?rest_route=\/wp\/v2\/posts\/157808\/revisions\/157816"}],"wp:featuredmedia":[{"embeddable":true,"href":"https:\/\/www.fuldaernachrichten.de\/index.php?rest_route=\/wp\/v2\/media\/157814"}],"wp:attachment":[{"href":"https:\/\/www.fuldaernachrichten.de\/index.php?rest_route=%2Fwp%2Fv2%2Fmedia&parent=157808"}],"wp:term":[{"taxonomy":"category","embeddable":true,"href":"https:\/\/www.fuldaernachrichten.de\/index.php?rest_route=%2Fwp%2Fv2%2Fcategories&post=157808"},{"taxonomy":"post_tag","embeddable":true,"href":"https:\/\/www.fuldaernachrichten.de\/index.php?rest_route=%2Fwp%2Fv2%2Ftags&post=157808"}],"curies":[{"name":"wp","href":"https:\/\/api.w.org\/{rel}","templated":true}]}}