{"id":157801,"date":"2016-12-02T10:19:34","date_gmt":"2016-12-02T09:19:34","guid":{"rendered":"http:\/\/www.fuldaer-nachrichten.de\/?p=157801"},"modified":"2016-12-02T10:19:34","modified_gmt":"2016-12-02T09:19:34","slug":"weihnachtsausstellung-im-bonifatiushaus-eroeffnet-weihnachts-und-engelmotive-bis-2-februar-zu-sehen","status":"publish","type":"post","link":"https:\/\/www.fuldaernachrichten.de\/?p=157801","title":{"rendered":"Weihnachtsausstellung im Bonifatiushaus er\u00f6ffnet \u2013 Weihnachts- und Engelmotive bis 2. Februar zu sehen"},"content":{"rendered":"<p>Im Rahmen eines Akademieabends mit der K\u00fcnstlerin und Kunsttherapeutin Bernadette Ohnesorge (Limburg) ist j\u00fcngst im Beisein von Bischof Heinz Josef Algermissen die Weihnachtsausstellung \u201e\u00e2\u20ac\u00a6 da ber\u00fchren sich Himmel und Erde\u201c er\u00f6ffnet worden. Die ausdrucksstarken, farbenfrohen Engelbilder und weihnachtlichen Gem\u00e4lde der K\u00fcnstlerin, die sie dem Publikum in einem Rundgang erl\u00e4uterte, sind bis Mari\u00e4 Lichtmess (2. Februar) im Bonifatiushaus, dem Haus der Weiterbildung der Di\u00f6zese Fulda, zu sehen. \u201eSpuren der Ber\u00fchrung von Himmel und Erde begegnen wir \u00fcberall, wo Menschen zu einer Kultur des Friedens, der Vers\u00f6hnung sowie des respektvollen und achtsamen Miteinanders beitragen\u201c, betonte die K\u00fcnstlerin. \u201eIn meinen Weihnachtsbildern versuche ich, dies zu erfassen und darzustellen.\u201c<\/p>\n<p>In ihrem k\u00fcnstlerischen Schaffen sind ihr immer wieder auch Engel als Motive wichtig. \u201eEngel haben heute f\u00fcr viele Menschen eine Bedeutung \u2013 es ist ein Thema, das sie \u00e4sthetisch, spirituell und religi\u00f6s ber\u00fchrt\u201c, unterstrich die Vorsitzende des Kulturausschusses der Stadt Fulda, Pia Maria Schindler (CWE). Sie dankte dem Direktor des Bonifatiushauses, Gunter Geiger, dass er diese Ausstellung nach Fulda geholt habe. So wie die Lichter des Weihnachtsmarktes von der Innenstadt her strahlten, wirke das adventliche \u201eLicht der Kunst\u201c nun auch auf die Stadt hin. \u201eEngel, die in allen monotheistischen Religionen als Boten Gottes eine Rolle spielen, \u00fcberwinden Raum und Zeit mit ihrem Licht. Aber auch der Mensch kann f\u00fcr seine Mitmenschen zum Engel werden\u201c, betonte Schindler. In ihrer Vorstellung der 1962 geborenen K\u00fcnstlerin und Mutter zweier Kinder wies sie darauf hin, dass sich in deren Kunst auch Licht und Schatten ihrer Erfahrung aus dem Pflegeberuf widerspiegelten.<\/p>\n<p>Die Ausstellung kann noch bis 2. Februar 2017 montags bis samstags in der Zeit von 9 bis 18 Uhr und an Sonntagen von 9 bis 12 Uhr besucht werden. Kalender, Kerzen und Postkarten mit Motiven der K\u00fcnstlerin aus dem Verlag der Benediktinerabtei Maria Laach k\u00f6nnen vor Ort im Bonifatiushaus erworben werden. Weitere Informationen beim Bonifatiushaus, Neuenberger Str. 3-5, 36041 Fulda, Tel. 0661\/8398-114, Fax 0661\/8398-136, E-Mail: info@bonifatiushaus.de.<\/p>\n","protected":false},"excerpt":{"rendered":"<div class=\"tmnf_excerpt\"><p>Im Rahmen eines Akademieabends mit der K\u00fcnstlerin und Kunsttherapeutin Bernadette Ohnesorge (Limburg) ist j\u00fcngst im Beisein von Bischof Heinz Josef Algermissen die Weihnachtsausstellung \u201e\u00e2\u20ac\u00a6 da ber\u00fchren sich Himmel und Erde\u201c er\u00f6ffnet worden. Die ausdrucksstarken, farbenfrohen Engelbilder und weihnachtlichen Gem\u00e4lde der K\u00fcnstlerin, die sie dem Publikum in einem Rundgang erl\u00e4uterte, sind bis Mari\u00e4 Lichtmess (2. Februar) &hellip;<\/p>\n<\/div>","protected":false},"author":1,"featured_media":157809,"comment_status":"closed","ping_status":"closed","sticky":false,"template":"","format":"standard","meta":{"footnotes":""},"categories":[1],"tags":[],"class_list":["post-157801","post","type-post","status-publish","format-standard","has-post-thumbnail","hentry","category-startseite"],"_links":{"self":[{"href":"https:\/\/www.fuldaernachrichten.de\/index.php?rest_route=\/wp\/v2\/posts\/157801","targetHints":{"allow":["GET"]}}],"collection":[{"href":"https:\/\/www.fuldaernachrichten.de\/index.php?rest_route=\/wp\/v2\/posts"}],"about":[{"href":"https:\/\/www.fuldaernachrichten.de\/index.php?rest_route=\/wp\/v2\/types\/post"}],"author":[{"embeddable":true,"href":"https:\/\/www.fuldaernachrichten.de\/index.php?rest_route=\/wp\/v2\/users\/1"}],"replies":[{"embeddable":true,"href":"https:\/\/www.fuldaernachrichten.de\/index.php?rest_route=%2Fwp%2Fv2%2Fcomments&post=157801"}],"version-history":[{"count":1,"href":"https:\/\/www.fuldaernachrichten.de\/index.php?rest_route=\/wp\/v2\/posts\/157801\/revisions"}],"predecessor-version":[{"id":157810,"href":"https:\/\/www.fuldaernachrichten.de\/index.php?rest_route=\/wp\/v2\/posts\/157801\/revisions\/157810"}],"wp:featuredmedia":[{"embeddable":true,"href":"https:\/\/www.fuldaernachrichten.de\/index.php?rest_route=\/wp\/v2\/media\/157809"}],"wp:attachment":[{"href":"https:\/\/www.fuldaernachrichten.de\/index.php?rest_route=%2Fwp%2Fv2%2Fmedia&parent=157801"}],"wp:term":[{"taxonomy":"category","embeddable":true,"href":"https:\/\/www.fuldaernachrichten.de\/index.php?rest_route=%2Fwp%2Fv2%2Fcategories&post=157801"},{"taxonomy":"post_tag","embeddable":true,"href":"https:\/\/www.fuldaernachrichten.de\/index.php?rest_route=%2Fwp%2Fv2%2Ftags&post=157801"}],"curies":[{"name":"wp","href":"https:\/\/api.w.org\/{rel}","templated":true}]}}