{"id":157791,"date":"2016-12-02T10:14:05","date_gmt":"2016-12-02T09:14:05","guid":{"rendered":"http:\/\/www.fuldaer-nachrichten.de\/?p=157791"},"modified":"2016-12-02T10:14:05","modified_gmt":"2016-12-02T09:14:05","slug":"spende-fuer-den-foerderverein-der-muetze","status":"publish","type":"post","link":"https:\/\/www.fuldaernachrichten.de\/?p=157791","title":{"rendered":"Spende f\u00fcr den F\u00f6rderverein \u201eDer M\u00dcTZE\u201c"},"content":{"rendered":"<p>Beim \u201eMarkt der Kreativen\u201c, veranstaltet von RockWerk Fulda e. V. spendete Frau Nicole Dietzel (Dinias Fotografie)  200,- Euro dem F\u00f6rderverein der Bildungs- u. Begegnungsst\u00e4tte M\u00fctterzentrum Fulda e. V. Katja Hartung, die 1. Vorsitzende des F\u00f6rdervereins, nahm die Spende dankend entgegen.<\/p>\n","protected":false},"excerpt":{"rendered":"<div class=\"tmnf_excerpt\"><p>Beim \u201eMarkt der Kreativen\u201c, veranstaltet von RockWerk Fulda e. V. spendete Frau Nicole Dietzel (Dinias Fotografie) 200,- Euro dem F\u00f6rderverein der Bildungs- u. Begegnungsst\u00e4tte M\u00fctterzentrum Fulda e. V. Katja Hartung, die 1. Vorsitzende des F\u00f6rdervereins, nahm die Spende dankend entgegen.<\/p>\n<\/div>","protected":false},"author":1,"featured_media":157798,"comment_status":"closed","ping_status":"closed","sticky":false,"template":"","format":"standard","meta":{"footnotes":""},"categories":[1],"tags":[],"class_list":["post-157791","post","type-post","status-publish","format-standard","has-post-thumbnail","hentry","category-startseite"],"_links":{"self":[{"href":"https:\/\/www.fuldaernachrichten.de\/index.php?rest_route=\/wp\/v2\/posts\/157791","targetHints":{"allow":["GET"]}}],"collection":[{"href":"https:\/\/www.fuldaernachrichten.de\/index.php?rest_route=\/wp\/v2\/posts"}],"about":[{"href":"https:\/\/www.fuldaernachrichten.de\/index.php?rest_route=\/wp\/v2\/types\/post"}],"author":[{"embeddable":true,"href":"https:\/\/www.fuldaernachrichten.de\/index.php?rest_route=\/wp\/v2\/users\/1"}],"replies":[{"embeddable":true,"href":"https:\/\/www.fuldaernachrichten.de\/index.php?rest_route=%2Fwp%2Fv2%2Fcomments&post=157791"}],"version-history":[{"count":1,"href":"https:\/\/www.fuldaernachrichten.de\/index.php?rest_route=\/wp\/v2\/posts\/157791\/revisions"}],"predecessor-version":[{"id":157799,"href":"https:\/\/www.fuldaernachrichten.de\/index.php?rest_route=\/wp\/v2\/posts\/157791\/revisions\/157799"}],"wp:featuredmedia":[{"embeddable":true,"href":"https:\/\/www.fuldaernachrichten.de\/index.php?rest_route=\/wp\/v2\/media\/157798"}],"wp:attachment":[{"href":"https:\/\/www.fuldaernachrichten.de\/index.php?rest_route=%2Fwp%2Fv2%2Fmedia&parent=157791"}],"wp:term":[{"taxonomy":"category","embeddable":true,"href":"https:\/\/www.fuldaernachrichten.de\/index.php?rest_route=%2Fwp%2Fv2%2Fcategories&post=157791"},{"taxonomy":"post_tag","embeddable":true,"href":"https:\/\/www.fuldaernachrichten.de\/index.php?rest_route=%2Fwp%2Fv2%2Ftags&post=157791"}],"curies":[{"name":"wp","href":"https:\/\/api.w.org\/{rel}","templated":true}]}}