{"id":157790,"date":"2016-12-02T10:12:53","date_gmt":"2016-12-02T09:12:53","guid":{"rendered":"http:\/\/www.fuldaer-nachrichten.de\/?p=157790"},"modified":"2016-12-02T10:12:53","modified_gmt":"2016-12-02T09:12:53","slug":"engel-und-orgel-von-himmlischen-klaengen","status":"publish","type":"post","link":"https:\/\/www.fuldaernachrichten.de\/?p=157790","title":{"rendered":"Engel und Orgel \u2013 Von himmlischen Kl\u00e4ngen"},"content":{"rendered":"<p>Seit fr\u00fchchristlicher Zeit sind Engel als himmlische Wesen sehr beliebt. Bei einer Orgelsoiree am Dienstag, 06. Dezember um 18.00 Uhr in der Kirche St. Andreas in Neuenberg begeben sich Thomas N\u00fcdling (Orgel) und Uwe-Bernd Herchen unter dem Motto \u201eMit Menschen- und mit Engelszungen\u201c auf eine musikalische Himmelsreise und berichten von den Eigenschaften der g\u00f6ttlichen Wesen als Kundschafter, Besch\u00fctzer, Trost- und Kraftspender. Zu h\u00f6ren sind himmlische Werke unter anderem von Antonio Vivaldi, Joseph Haydn, Cesar Franck oder Mendelssohn und eine Eigenkomposition von Thomas N\u00fcdling. Dazu macht Uwe-Bernd Herchen irdische Anmerkungen zum Thema Engel und Engelsmusik.<\/p>\n<p>Der Eintritt betr\u00e4gt 5,00 \u00e2\u201a\u00ac und wird der Kirche St. Andreas \u00fcberlassen. Veranstalter ist die St\u00e4dtische Volkshochschule.<\/p>\n","protected":false},"excerpt":{"rendered":"<div class=\"tmnf_excerpt\"><p>Seit fr\u00fchchristlicher Zeit sind Engel als himmlische Wesen sehr beliebt. Bei einer Orgelsoiree am Dienstag, 06. Dezember um 18.00 Uhr in der Kirche St. Andreas in Neuenberg begeben sich Thomas N\u00fcdling (Orgel) und Uwe-Bernd Herchen unter dem Motto \u201eMit Menschen- und mit Engelszungen\u201c auf eine musikalische Himmelsreise und berichten von den Eigenschaften der g\u00f6ttlichen Wesen &hellip;<\/p>\n<\/div>","protected":false},"author":1,"featured_media":0,"comment_status":"closed","ping_status":"closed","sticky":false,"template":"","format":"standard","meta":{"footnotes":""},"categories":[1],"tags":[],"class_list":["post-157790","post","type-post","status-publish","format-standard","hentry","category-startseite"],"_links":{"self":[{"href":"https:\/\/www.fuldaernachrichten.de\/index.php?rest_route=\/wp\/v2\/posts\/157790","targetHints":{"allow":["GET"]}}],"collection":[{"href":"https:\/\/www.fuldaernachrichten.de\/index.php?rest_route=\/wp\/v2\/posts"}],"about":[{"href":"https:\/\/www.fuldaernachrichten.de\/index.php?rest_route=\/wp\/v2\/types\/post"}],"author":[{"embeddable":true,"href":"https:\/\/www.fuldaernachrichten.de\/index.php?rest_route=\/wp\/v2\/users\/1"}],"replies":[{"embeddable":true,"href":"https:\/\/www.fuldaernachrichten.de\/index.php?rest_route=%2Fwp%2Fv2%2Fcomments&post=157790"}],"version-history":[{"count":1,"href":"https:\/\/www.fuldaernachrichten.de\/index.php?rest_route=\/wp\/v2\/posts\/157790\/revisions"}],"predecessor-version":[{"id":157796,"href":"https:\/\/www.fuldaernachrichten.de\/index.php?rest_route=\/wp\/v2\/posts\/157790\/revisions\/157796"}],"wp:attachment":[{"href":"https:\/\/www.fuldaernachrichten.de\/index.php?rest_route=%2Fwp%2Fv2%2Fmedia&parent=157790"}],"wp:term":[{"taxonomy":"category","embeddable":true,"href":"https:\/\/www.fuldaernachrichten.de\/index.php?rest_route=%2Fwp%2Fv2%2Fcategories&post=157790"},{"taxonomy":"post_tag","embeddable":true,"href":"https:\/\/www.fuldaernachrichten.de\/index.php?rest_route=%2Fwp%2Fv2%2Ftags&post=157790"}],"curies":[{"name":"wp","href":"https:\/\/api.w.org\/{rel}","templated":true}]}}