{"id":157779,"date":"2016-12-01T10:25:43","date_gmt":"2016-12-01T09:25:43","guid":{"rendered":"http:\/\/www.fuldaer-nachrichten.de\/?p=157779"},"modified":"2016-12-01T10:25:43","modified_gmt":"2016-12-01T09:25:43","slug":"fuldaer-unternehmensgruppe-beteiligt-sich-an-hiko-systems-in-darmstadt","status":"publish","type":"post","link":"https:\/\/www.fuldaernachrichten.de\/?p=157779","title":{"rendered":"Fuldaer Unternehmensgruppe beteiligt sich an hiko systems in Darmstadt"},"content":{"rendered":"<p>Um ihr Portfolio rund um spezialisierte IT-L\u00f6sungen zu erweitern, geht die R+S-Gruppe in Fulda zum 1. Januar 2017 eine Partnerschaft mit dem Darmst\u00e4dter Unternehmen hiko systems GmbH ein. \u201eElektrotechnische Systeme sowie Daten- und Sicherheitstechnik sind heute mehr und mehr mit modernen IT-Anlagen verkn\u00fcpft\u201c, sagt Rainer Bauer, Gesch\u00e4ftsf\u00fchrer der R+S solutions Beteiligungs GmbH, der sich um das Thema M&#038;A (Mergers &#038; Acquisitions, Unternehmensfusionen und -zuk\u00e4ufe) der R+S-Gruppe k\u00fcmmert. \u201eMit hiko systems an unserer Seite k\u00f6nnen wir unseren Kunden k\u00fcnftig einen noch umfangreicheren Service inklusive praktischer IT-L\u00f6sungen anbieten.\u201c<\/p>\n<p>Die Zusammenarbeit ist nicht neu, mit der R+S-Tochtergesellschaft RUF Geb\u00e4udetechnik GmbH in Kleinheubach arbeitet hiko systems schon seit vielen Jahren Hand in Hand. Nun beteiligt sich R+S zu einem Drittel an dem Darmst\u00e4dter Dienstleister, dessen Gesch\u00e4ftsf\u00fchrer Kevin Hirsch und Matthias Koch zehn Mitarbeiter besch\u00e4ftigen. <\/p>\n<p>Kevin Hirsch spricht \u201estarke Synergieeffekte\u201c durch die neue Partnerschaft an, Matthias Koch weist auf \u201eneue M\u00f6glichkeiten der Expansion\u201c hin. Der Schwerpunkt der Zusammenarbeit liege in der Geb\u00e4udetechnik, berichtet Rainer Bauer. \u201eDurch die sofort abrufbaren Leistungen von hiko systems k\u00f6nnen wir unseren Kunden jetzt auch h\u00f6herwertige IT-Produkte anbieten, zum Beispiel spezielle Pakete f\u00fcr Industrieanwendungen oder moderne Produkte rund um den Datenschutz. Das umfassende Know-how von hiko systems st\u00e4rkt au\u00dferdem unsere eigenen In-House-IT-Kompetenzen\u201c, so der R+S-Gesch\u00e4ftsf\u00fchrer.<\/p>\n<p>Gemeinsam wolle man sich in dieser Partnerschaft den IT-Herausforderungen im Umfeld der Industrie 4.0 stellen, sind sich alle Beteiligten einig, etwa wenn es darum geht, moderne Infrastrukturen f\u00fcr die Lagerlogistik zu entwickeln.<\/p>\n<p>Zu den von hiko systems angebotenen Leistungen z\u00e4hlen zum Beispiel aktive, hochverf\u00fcgbare Netzwerktechnik, Client-Serverhardware im Enterprise-Umfeld, redundante Speicherl\u00f6sungen, der Aufbau komplexer WLAN-Infrastrukturen, IP-Kameral\u00f6sungen oder VoIP-Telefonanlagen. Ebenfalls im Portfolio enthalten: Client-Servertechnologien, Virtualisierungstechnologien, Cloud-Produkte f\u00fcr die verschiedensten Unternehmen, integrierte L\u00f6sungskonzepte f\u00fcr VoIP und IP-Kameras, Sicherheits- und Firewall-Technologien, Mobile Device Management, Monitoring sowie Wartung inklusive Wartungsvertr\u00e4ge. Auch Kostencontrolling, projektbezogener IT-Support wie auch die etwaige Auslagerung von IT-Bereichen stehen auf dem Programm der neuen Partnerschaft. <\/p>\n<p>\u201eIm Team werden wir nun auch gemeinsam in neue Gesch\u00e4ftsfelder vordringen sowie das Up- und Cross-Selling bei Neu- und Bestandskunden vorantreiben\u201c, betont Rainer Bauer, der auf angestrebte langfristige Kundenbindungen durch Wartungs- und Sevicevertr\u00e4ge hinweist. \u201eWir zentralisieren au\u00dferdem den IT-Wareneinkauf und optimieren interne IT-Prozesse\u201c, erg\u00e4nzt Kevin Hirsch. Dass sich die neue Zusammenarbeit schnell auszahlen wird, sind sich beide Unternehmen sicher. \u201eDer Bedarf bei den Anwendern ist da\u201c, sagt Matthias Koch. \u201eMit R+S an unserer Seite k\u00f6nnen wir zahlreiche Interessenten umfassend bedienen.\u201c<\/p>\n","protected":false},"excerpt":{"rendered":"<div class=\"tmnf_excerpt\"><p>Um ihr Portfolio rund um spezialisierte IT-L\u00f6sungen zu erweitern, geht die R+S-Gruppe in Fulda zum 1. Januar 2017 eine Partnerschaft mit dem Darmst\u00e4dter Unternehmen hiko systems GmbH ein. \u201eElektrotechnische Systeme sowie Daten- und Sicherheitstechnik sind heute mehr und mehr mit modernen IT-Anlagen verkn\u00fcpft\u201c, sagt Rainer Bauer, Gesch\u00e4ftsf\u00fchrer der R+S solutions Beteiligungs GmbH, der sich um &hellip;<\/p>\n<\/div>","protected":false},"author":1,"featured_media":157785,"comment_status":"closed","ping_status":"closed","sticky":false,"template":"","format":"standard","meta":{"footnotes":""},"categories":[1],"tags":[],"class_list":["post-157779","post","type-post","status-publish","format-standard","has-post-thumbnail","hentry","category-startseite"],"_links":{"self":[{"href":"https:\/\/www.fuldaernachrichten.de\/index.php?rest_route=\/wp\/v2\/posts\/157779","targetHints":{"allow":["GET"]}}],"collection":[{"href":"https:\/\/www.fuldaernachrichten.de\/index.php?rest_route=\/wp\/v2\/posts"}],"about":[{"href":"https:\/\/www.fuldaernachrichten.de\/index.php?rest_route=\/wp\/v2\/types\/post"}],"author":[{"embeddable":true,"href":"https:\/\/www.fuldaernachrichten.de\/index.php?rest_route=\/wp\/v2\/users\/1"}],"replies":[{"embeddable":true,"href":"https:\/\/www.fuldaernachrichten.de\/index.php?rest_route=%2Fwp%2Fv2%2Fcomments&post=157779"}],"version-history":[{"count":1,"href":"https:\/\/www.fuldaernachrichten.de\/index.php?rest_route=\/wp\/v2\/posts\/157779\/revisions"}],"predecessor-version":[{"id":157786,"href":"https:\/\/www.fuldaernachrichten.de\/index.php?rest_route=\/wp\/v2\/posts\/157779\/revisions\/157786"}],"wp:featuredmedia":[{"embeddable":true,"href":"https:\/\/www.fuldaernachrichten.de\/index.php?rest_route=\/wp\/v2\/media\/157785"}],"wp:attachment":[{"href":"https:\/\/www.fuldaernachrichten.de\/index.php?rest_route=%2Fwp%2Fv2%2Fmedia&parent=157779"}],"wp:term":[{"taxonomy":"category","embeddable":true,"href":"https:\/\/www.fuldaernachrichten.de\/index.php?rest_route=%2Fwp%2Fv2%2Fcategories&post=157779"},{"taxonomy":"post_tag","embeddable":true,"href":"https:\/\/www.fuldaernachrichten.de\/index.php?rest_route=%2Fwp%2Fv2%2Ftags&post=157779"}],"curies":[{"name":"wp","href":"https:\/\/api.w.org\/{rel}","templated":true}]}}