{"id":157778,"date":"2016-12-01T10:25:03","date_gmt":"2016-12-01T09:25:03","guid":{"rendered":"http:\/\/www.fuldaer-nachrichten.de\/?p=157778"},"modified":"2016-12-01T10:25:03","modified_gmt":"2016-12-01T09:25:03","slug":"kirchenvorstand-trifft-entscheidung-fuer-sanierung-des-pfarrhauses","status":"publish","type":"post","link":"https:\/\/www.fuldaernachrichten.de\/?p=157778","title":{"rendered":"Kirchenvorstand trifft Entscheidung f\u00fcr Sanierung des Pfarrhauses"},"content":{"rendered":"<p>Der Kirchenvorstand der Evangelischen Kirchengemeinde Bad Salzschlirf \u2013 Gro\u00dfenl\u00fcder hat am 24.11. in einer Sondersitzung entschieden, das Vorhaben zum Neubau eines Pfarrhauses in Gro\u00dfenl\u00fcder aufzugeben. Stattdessen soll das alte Pfarrhaus in Bad Salzschlirf saniert werden, damit Pfarrerin Sandra Jost dort einziehen kann.<\/p>\n<p>Die Kirchenvorsteher und Kirchen\u00e4ltesten der Gemeinde haben sich diese Entscheidung nicht leicht gemacht, denn das Neubauprojekt wurde seit drei Jahren intensiv verfolgt, auch Kosten waren dadurch entstanden. Im Januar 2013 hatte der Kirchenvorstand den Beschluss gefasst, ein neues Pfarrhaus in Gro\u00dfenl\u00fcder zu bauen, \u201evorausgesetzt die Finanzierung ist gesichert\u201c, so die Vorsitzende des Kirchenvorstands Martina B\u00fcchsel.<br \/>\nDoch nun ist der Sachstand ein anderer, denn aufgrund von neuen Bauauflagen und gestiegenen Baukosten ist der urspr\u00fcngliche Finanzierungsrahmen nicht mehr zu halten. Die Mitglieder des Kirchenkreisvorstands mit Dekan Bengt Seeberg unterst\u00fctzten die urspr\u00fcngliche Entscheidung des Kirchenvorstands f\u00fcr den Pfarrhausneubau in Gro\u00dfenl\u00fcder. Sie wiesen die Kirchengemeinde aber auch auf die erheblichen finanziellen Risiken hin. Deshalb hat der Kirchenvorstand jetzt die Notbremse gezogen. \u201eEine zu hohe Verschuldung der Gemeinde\u201c, so B\u00fcchsel, \u201ew\u00e4re ein unwirtschaftliches Handeln, das der Kirchenvorstand nicht verantworten kann.\u201c Ziel ist es vielmehr in den n\u00e4chsten Jahren ausreichende Mittel f\u00fcr das Gemeindeleben zur Verf\u00fcgung zu haben. Was bringt ein \u201ezukunftssicheres Pfarrhaus\u201c wenn dadurch die Zukunft der Gemeinde auf dem Spiel steht? So l\u00e4sst sich die Entscheidung des Kirchenvorstandes auf den Punkt bringen.<\/p>\n<p>Kirchenleitung, Kirchenkreisamt und Dekan Seeberg begr\u00fc\u00dfen die neue Entscheidung und wollen die Sanierung des alten Pfarrhauses umfassend unterst\u00fctzen.<\/p>\n<p>Dass nun alle Verantwortlichen an einem Strang ziehen, sieht auch die neue Pfarrerin als gutes Zeichen.  \u201eUnabh\u00e4ngig vom  Standort des Pfarrhauses, bleibt f\u00fcr uns der junge und wachsende Teil der Gemeinde in Gro\u00dfenl\u00fcder von gro\u00dfer Bedeutung. Das gilt auch, wenn ich in Bad Salzschlirf wohnen werde\u201c, so Pfarrerin Jost.<\/p>\n<p>Foto (privat): Das Pfarrhaus in der Bad Salzschlirf (Lutherweg 1) soll auf Wunsch des Kirchenvorstandes nun doch saniert werden (v.l. Vorsitzende Martina B\u00fcchsel und Pfarrerin Sandra Jost)<\/p>\n","protected":false},"excerpt":{"rendered":"<div class=\"tmnf_excerpt\"><p>Der Kirchenvorstand der Evangelischen Kirchengemeinde Bad Salzschlirf \u2013 Gro\u00dfenl\u00fcder hat am 24.11. in einer Sondersitzung entschieden, das Vorhaben zum Neubau eines Pfarrhauses in Gro\u00dfenl\u00fcder aufzugeben. Stattdessen soll das alte Pfarrhaus in Bad Salzschlirf saniert werden, damit Pfarrerin Sandra Jost dort einziehen kann. Die Kirchenvorsteher und Kirchen\u00e4ltesten der Gemeinde haben sich diese Entscheidung nicht leicht gemacht, &hellip;<\/p>\n<\/div>","protected":false},"author":1,"featured_media":157783,"comment_status":"closed","ping_status":"closed","sticky":false,"template":"","format":"standard","meta":{"footnotes":""},"categories":[1],"tags":[],"class_list":["post-157778","post","type-post","status-publish","format-standard","has-post-thumbnail","hentry","category-startseite"],"_links":{"self":[{"href":"https:\/\/www.fuldaernachrichten.de\/index.php?rest_route=\/wp\/v2\/posts\/157778","targetHints":{"allow":["GET"]}}],"collection":[{"href":"https:\/\/www.fuldaernachrichten.de\/index.php?rest_route=\/wp\/v2\/posts"}],"about":[{"href":"https:\/\/www.fuldaernachrichten.de\/index.php?rest_route=\/wp\/v2\/types\/post"}],"author":[{"embeddable":true,"href":"https:\/\/www.fuldaernachrichten.de\/index.php?rest_route=\/wp\/v2\/users\/1"}],"replies":[{"embeddable":true,"href":"https:\/\/www.fuldaernachrichten.de\/index.php?rest_route=%2Fwp%2Fv2%2Fcomments&post=157778"}],"version-history":[{"count":1,"href":"https:\/\/www.fuldaernachrichten.de\/index.php?rest_route=\/wp\/v2\/posts\/157778\/revisions"}],"predecessor-version":[{"id":157784,"href":"https:\/\/www.fuldaernachrichten.de\/index.php?rest_route=\/wp\/v2\/posts\/157778\/revisions\/157784"}],"wp:featuredmedia":[{"embeddable":true,"href":"https:\/\/www.fuldaernachrichten.de\/index.php?rest_route=\/wp\/v2\/media\/157783"}],"wp:attachment":[{"href":"https:\/\/www.fuldaernachrichten.de\/index.php?rest_route=%2Fwp%2Fv2%2Fmedia&parent=157778"}],"wp:term":[{"taxonomy":"category","embeddable":true,"href":"https:\/\/www.fuldaernachrichten.de\/index.php?rest_route=%2Fwp%2Fv2%2Fcategories&post=157778"},{"taxonomy":"post_tag","embeddable":true,"href":"https:\/\/www.fuldaernachrichten.de\/index.php?rest_route=%2Fwp%2Fv2%2Ftags&post=157778"}],"curies":[{"name":"wp","href":"https:\/\/api.w.org\/{rel}","templated":true}]}}